{"id":2068,"date":"2018-12-20T20:58:33","date_gmt":"2018-12-20T19:58:33","guid":{"rendered":"https:\/\/rallye-newenergies.cz\/?p=2068"},"modified":"2019-01-09T08:05:30","modified_gmt":"2019-01-09T07:05:30","slug":"cner-2019-s-novym-formatem","status":"publish","type":"post","link":"https:\/\/www.cner.cz\/en\/2018\/12\/20\/cner-2019-s-novym-formatem\/","title":{"rendered":"Czech New Energies Rallye in a new format in 2019"},"content":{"rendered":"<p>The organizing teams of \u010cK motorsport and \u00daAMK South Bohemia Rally Club are preparing fairly significant changes for the 8th Czech New Energies Rallye that will be held May 16-18, 2019.<\/p>\n<p>Like in the previous 3 seasons, the event will be a part of the World Cup for electric cars, however besides the traditional results reached in the regularity tests, for the first time in 2019 the crews will obtain points based also on the amount of consumed energy, following the rules set by FIA.<\/p>\n<p>It is still valid that every holder of a driving licence and a corresponding vehicle powered by electricity, CNG, LPG or any other alternative energy source may take part.<\/p>\n<p>The prestige of events included in the FIA Electric and New Energy Championship calendars will be newly established by a coefficient. <em>\u201cWe are trying to obtain the highest possible coefficient, for this reason we are preparing a demanding 3-day event with a road book containing over 600 km of total route length,\u201d <\/em>confirms Pavel Kacerovsk\u00fd, Clerk of the Course for the 8th Czech New Energies Rally.<\/p>\n<p>Further details will be published by the organizing \u00daAMK South Bohemia Rally Club on the official website for the rally, <a href=\"http:\/\/www.rallye-newenergies.cz\" target=\"_blank\" rel=\"noopener\">www.rallye-newenergies.cz<\/a>, not later than in February.<\/p>\n<p>Photo: <strong><a href=\"https:\/\/www.facebook.com\/fotoskrivanek\/\" target=\"_blank\" rel=\"noopener\">Petr Sk\u0159iv\u00e1nek<\/a><\/strong><\/p>","protected":false},"excerpt":{"rendered":"<p>The organizing teams of \u010cK motorsport and \u00daAMK South Bohemia Rally Club are preparing fairly significant changes for the 8th Czech New Energies Rallye that will be held May 16-18, 2019. Like in the previous 3 seasons, the event will be a part of the World Cup for electric cars, however besides the traditional results [&hellip;]<\/p>\n","protected":false},"author":2,"featured_media":2069,"comment_status":"open","ping_status":"open","sticky":false,"template":"","format":"standard","meta":{"_acf_changed":false,"ngg_post_thumbnail":0,"footnotes":""},"categories":[4],"tags":[],"class_list":["post-2068","post","type-post","status-publish","format-standard","has-post-thumbnail","hentry","category-aktuality"],"acf":[],"yoast_head":"<!-- This site is optimized with the Yoast SEO plugin v27.3 - https:\/\/yoast.com\/product\/yoast-seo-wordpress\/ -->\n<title>Czech New Energies Rallye in a new format in 2019 - \u010cEZ Czech New Energies Rallye<\/title>\n<meta name=\"robots\" content=\"index, follow, max-snippet:-1, max-image-preview:large, max-video-preview:-1\" \/>\n<link rel=\"canonical\" href=\"https:\/\/www.cner.cz\/2018\/12\/20\/cner-2019-s-novym-formatem\/\" \/>\n<meta property=\"og:locale\" content=\"en_US\" \/>\n<meta property=\"og:type\" content=\"article\" \/>\n<meta property=\"og:title\" content=\"Czech New Energies Rallye in a new format in 2019 - \u010cEZ Czech New Energies Rallye\" \/>\n<meta property=\"og:description\" content=\"The organizing teams of \u010cK motorsport and \u00daAMK South Bohemia Rally Club are preparing fairly significant changes for the 8th Czech New Energies Rallye that will be held May 16-18, 2019. Like in the previous 3 seasons, the event will be a part of the World Cup for electric cars, however besides the traditional results [&hellip;]\" \/>\n<meta property=\"og:url\" content=\"https:\/\/www.cner.cz\/2018\/12\/20\/cner-2019-s-novym-formatem\/\" \/>\n<meta property=\"og:site_name\" content=\"\u010cEZ Czech New Energies Rallye\" \/>\n<meta property=\"article:publisher\" content=\"https:\/\/www.facebook.com\/NewEnergiesRallye\/\" \/>\n<meta property=\"article:author\" content=\"pavel.kacerovsky\" \/>\n<meta property=\"article:published_time\" content=\"2018-12-20T19:58:33+00:00\" \/>\n<meta property=\"article:modified_time\" content=\"2019-01-09T07:05:30+00:00\" \/>\n<meta property=\"og:image\" content=\"https:\/\/www.cner.cz\/wp-content\/uploads\/2018\/12\/cner2018_vitezove.jpg\" \/>\n\t<meta property=\"og:image:width\" content=\"2048\" \/>\n\t<meta property=\"og:image:height\" content=\"1363\" \/>\n\t<meta property=\"og:image:type\" content=\"image\/jpeg\" \/>\n<meta name=\"author\" content=\"Pavel Kacerovsk\u00fd\" \/>\n<meta name=\"twitter:card\" content=\"summary_large_image\" \/>\n<meta name=\"twitter:creator\" content=\"@PavKac\" \/>\n<meta name=\"twitter:label1\" content=\"Written by\" \/>\n\t<meta name=\"twitter:data1\" content=\"Pavel Kacerovsk\u00fd\" \/>\n\t<meta name=\"twitter:label2\" content=\"Est. reading time\" \/>\n\t<meta name=\"twitter:data2\" content=\"2 minutes\" \/>\n<script type=\"application\/ld+json\" class=\"yoast-schema-graph\">{\"@context\":\"https:\\\/\\\/schema.org\",\"@graph\":[{\"@type\":\"Article\",\"@id\":\"https:\\\/\\\/www.cner.cz\\\/2018\\\/12\\\/20\\\/cner-2019-s-novym-formatem\\\/#article\",\"isPartOf\":{\"@id\":\"https:\\\/\\\/www.cner.cz\\\/2018\\\/12\\\/20\\\/cner-2019-s-novym-formatem\\\/\"},\"author\":{\"name\":\"Pavel Kacerovsk\u00fd\",\"@id\":\"https:\\\/\\\/www.cner.cz\\\/#\\\/schema\\\/person\\\/6190b99819da7377d66768f7ff0ffd53\"},\"headline\":\"Czech New Energies Rallye in a new format in 2019\",\"datePublished\":\"2018-12-20T19:58:33+00:00\",\"dateModified\":\"2019-01-09T07:05:30+00:00\",\"mainEntityOfPage\":{\"@id\":\"https:\\\/\\\/www.cner.cz\\\/2018\\\/12\\\/20\\\/cner-2019-s-novym-formatem\\\/\"},\"wordCount\":452,\"commentCount\":0,\"image\":{\"@id\":\"https:\\\/\\\/www.cner.cz\\\/2018\\\/12\\\/20\\\/cner-2019-s-novym-formatem\\\/#primaryimage\"},\"thumbnailUrl\":\"https:\\\/\\\/www.cner.cz\\\/wp-content\\\/uploads\\\/2018\\\/12\\\/cner2018_vitezove.jpg\",\"articleSection\":[\"Aktuality\"],\"inLanguage\":\"en-US\",\"potentialAction\":[{\"@type\":\"CommentAction\",\"name\":\"Comment\",\"target\":[\"https:\\\/\\\/www.cner.cz\\\/2018\\\/12\\\/20\\\/cner-2019-s-novym-formatem\\\/#respond\"]}]},{\"@type\":\"WebPage\",\"@id\":\"https:\\\/\\\/www.cner.cz\\\/2018\\\/12\\\/20\\\/cner-2019-s-novym-formatem\\\/\",\"url\":\"https:\\\/\\\/www.cner.cz\\\/2018\\\/12\\\/20\\\/cner-2019-s-novym-formatem\\\/\",\"name\":\"Czech New Energies Rallye in a new format in 2019 - \u010cEZ Czech New Energies Rallye\",\"isPartOf\":{\"@id\":\"https:\\\/\\\/www.cner.cz\\\/#website\"},\"primaryImageOfPage\":{\"@id\":\"https:\\\/\\\/www.cner.cz\\\/2018\\\/12\\\/20\\\/cner-2019-s-novym-formatem\\\/#primaryimage\"},\"image\":{\"@id\":\"https:\\\/\\\/www.cner.cz\\\/2018\\\/12\\\/20\\\/cner-2019-s-novym-formatem\\\/#primaryimage\"},\"thumbnailUrl\":\"https:\\\/\\\/www.cner.cz\\\/wp-content\\\/uploads\\\/2018\\\/12\\\/cner2018_vitezove.jpg\",\"datePublished\":\"2018-12-20T19:58:33+00:00\",\"dateModified\":\"2019-01-09T07:05:30+00:00\",\"author\":{\"@id\":\"https:\\\/\\\/www.cner.cz\\\/#\\\/schema\\\/person\\\/6190b99819da7377d66768f7ff0ffd53\"},\"breadcrumb\":{\"@id\":\"https:\\\/\\\/www.cner.cz\\\/2018\\\/12\\\/20\\\/cner-2019-s-novym-formatem\\\/#breadcrumb\"},\"inLanguage\":\"en-US\",\"potentialAction\":[{\"@type\":\"ReadAction\",\"target\":[\"https:\\\/\\\/www.cner.cz\\\/2018\\\/12\\\/20\\\/cner-2019-s-novym-formatem\\\/\"]}]},{\"@type\":\"ImageObject\",\"inLanguage\":\"en-US\",\"@id\":\"https:\\\/\\\/www.cner.cz\\\/2018\\\/12\\\/20\\\/cner-2019-s-novym-formatem\\\/#primaryimage\",\"url\":\"https:\\\/\\\/www.cner.cz\\\/wp-content\\\/uploads\\\/2018\\\/12\\\/cner2018_vitezove.jpg\",\"contentUrl\":\"https:\\\/\\\/www.cner.cz\\\/wp-content\\\/uploads\\\/2018\\\/12\\\/cner2018_vitezove.jpg\",\"width\":2048,\"height\":1363},{\"@type\":\"BreadcrumbList\",\"@id\":\"https:\\\/\\\/www.cner.cz\\\/2018\\\/12\\\/20\\\/cner-2019-s-novym-formatem\\\/#breadcrumb\",\"itemListElement\":[{\"@type\":\"ListItem\",\"position\":1,\"name\":\"Dom\u016f\",\"item\":\"https:\\\/\\\/www.cner.cz\\\/\"},{\"@type\":\"ListItem\",\"position\":2,\"name\":\"Czech New Energies Rallye v roce 2019 s nov\u00fdm form\u00e1tem\"}]},{\"@type\":\"WebSite\",\"@id\":\"https:\\\/\\\/www.cner.cz\\\/#website\",\"url\":\"https:\\\/\\\/www.cner.cz\\\/\",\"name\":\"\u010cEZ Czech New Energies Rallye\",\"description\":\"\u010cEZ Czech New Energies Rallye\",\"potentialAction\":[{\"@type\":\"SearchAction\",\"target\":{\"@type\":\"EntryPoint\",\"urlTemplate\":\"https:\\\/\\\/www.cner.cz\\\/?s={search_term_string}\"},\"query-input\":{\"@type\":\"PropertyValueSpecification\",\"valueRequired\":true,\"valueName\":\"search_term_string\"}}],\"inLanguage\":\"en-US\"},{\"@type\":\"Person\",\"@id\":\"https:\\\/\\\/www.cner.cz\\\/#\\\/schema\\\/person\\\/6190b99819da7377d66768f7ff0ffd53\",\"name\":\"Pavel Kacerovsk\u00fd\",\"image\":{\"@type\":\"ImageObject\",\"inLanguage\":\"en-US\",\"@id\":\"https:\\\/\\\/secure.gravatar.com\\\/avatar\\\/f96c2ff6621ff743bc952660594123e03b9f87637dc4114505e8de6bf2112c65?s=96&d=mm&r=g\",\"url\":\"https:\\\/\\\/secure.gravatar.com\\\/avatar\\\/f96c2ff6621ff743bc952660594123e03b9f87637dc4114505e8de6bf2112c65?s=96&d=mm&r=g\",\"contentUrl\":\"https:\\\/\\\/secure.gravatar.com\\\/avatar\\\/f96c2ff6621ff743bc952660594123e03b9f87637dc4114505e8de6bf2112c65?s=96&d=mm&r=g\",\"caption\":\"Pavel Kacerovsk\u00fd\"},\"sameAs\":[\"http:\\\/\\\/www.ckmotorsport.cz\",\"pavel.kacerovsky\",\"https:\\\/\\\/x.com\\\/PavKac\"],\"url\":\"https:\\\/\\\/www.cner.cz\\\/en\\\/author\\\/pavel\\\/\"}]}<\/script>\n<!-- \/ Yoast SEO plugin. -->","yoast_head_json":{"title":"Czech New Energies Rallye in a new format in 2019 - \u010cEZ Czech New Energies Rallye","robots":{"index":"index","follow":"follow","max-snippet":"max-snippet:-1","max-image-preview":"max-image-preview:large","max-video-preview":"max-video-preview:-1"},"canonical":"https:\/\/www.cner.cz\/2018\/12\/20\/cner-2019-s-novym-formatem\/","og_locale":"en_US","og_type":"article","og_title":"Czech New Energies Rallye in a new format in 2019 - \u010cEZ Czech New Energies Rallye","og_description":"The organizing teams of \u010cK motorsport and \u00daAMK South Bohemia Rally Club are preparing fairly significant changes for the 8th Czech New Energies Rallye that will be held May 16-18, 2019. Like in the previous 3 seasons, the event will be a part of the World Cup for electric cars, however besides the traditional results [&hellip;]","og_url":"https:\/\/www.cner.cz\/2018\/12\/20\/cner-2019-s-novym-formatem\/","og_site_name":"\u010cEZ Czech New Energies Rallye","article_publisher":"https:\/\/www.facebook.com\/NewEnergiesRallye\/","article_author":"pavel.kacerovsky","article_published_time":"2018-12-20T19:58:33+00:00","article_modified_time":"2019-01-09T07:05:30+00:00","og_image":[{"width":2048,"height":1363,"url":"https:\/\/www.cner.cz\/wp-content\/uploads\/2018\/12\/cner2018_vitezove.jpg","type":"image\/jpeg"}],"author":"Pavel Kacerovsk\u00fd","twitter_card":"summary_large_image","twitter_creator":"@PavKac","twitter_misc":{"Written by":"Pavel Kacerovsk\u00fd","Est. reading time":"2 minutes"},"schema":{"@context":"https:\/\/schema.org","@graph":[{"@type":"Article","@id":"https:\/\/www.cner.cz\/2018\/12\/20\/cner-2019-s-novym-formatem\/#article","isPartOf":{"@id":"https:\/\/www.cner.cz\/2018\/12\/20\/cner-2019-s-novym-formatem\/"},"author":{"name":"Pavel Kacerovsk\u00fd","@id":"https:\/\/www.cner.cz\/#\/schema\/person\/6190b99819da7377d66768f7ff0ffd53"},"headline":"Czech New Energies Rallye in a new format in 2019","datePublished":"2018-12-20T19:58:33+00:00","dateModified":"2019-01-09T07:05:30+00:00","mainEntityOfPage":{"@id":"https:\/\/www.cner.cz\/2018\/12\/20\/cner-2019-s-novym-formatem\/"},"wordCount":452,"commentCount":0,"image":{"@id":"https:\/\/www.cner.cz\/2018\/12\/20\/cner-2019-s-novym-formatem\/#primaryimage"},"thumbnailUrl":"https:\/\/www.cner.cz\/wp-content\/uploads\/2018\/12\/cner2018_vitezove.jpg","articleSection":["Aktuality"],"inLanguage":"en-US","potentialAction":[{"@type":"CommentAction","name":"Comment","target":["https:\/\/www.cner.cz\/2018\/12\/20\/cner-2019-s-novym-formatem\/#respond"]}]},{"@type":"WebPage","@id":"https:\/\/www.cner.cz\/2018\/12\/20\/cner-2019-s-novym-formatem\/","url":"https:\/\/www.cner.cz\/2018\/12\/20\/cner-2019-s-novym-formatem\/","name":"Czech New Energies Rallye in a new format in 2019 - \u010cEZ Czech New Energies Rallye","isPartOf":{"@id":"https:\/\/www.cner.cz\/#website"},"primaryImageOfPage":{"@id":"https:\/\/www.cner.cz\/2018\/12\/20\/cner-2019-s-novym-formatem\/#primaryimage"},"image":{"@id":"https:\/\/www.cner.cz\/2018\/12\/20\/cner-2019-s-novym-formatem\/#primaryimage"},"thumbnailUrl":"https:\/\/www.cner.cz\/wp-content\/uploads\/2018\/12\/cner2018_vitezove.jpg","datePublished":"2018-12-20T19:58:33+00:00","dateModified":"2019-01-09T07:05:30+00:00","author":{"@id":"https:\/\/www.cner.cz\/#\/schema\/person\/6190b99819da7377d66768f7ff0ffd53"},"breadcrumb":{"@id":"https:\/\/www.cner.cz\/2018\/12\/20\/cner-2019-s-novym-formatem\/#breadcrumb"},"inLanguage":"en-US","potentialAction":[{"@type":"ReadAction","target":["https:\/\/www.cner.cz\/2018\/12\/20\/cner-2019-s-novym-formatem\/"]}]},{"@type":"ImageObject","inLanguage":"en-US","@id":"https:\/\/www.cner.cz\/2018\/12\/20\/cner-2019-s-novym-formatem\/#primaryimage","url":"https:\/\/www.cner.cz\/wp-content\/uploads\/2018\/12\/cner2018_vitezove.jpg","contentUrl":"https:\/\/www.cner.cz\/wp-content\/uploads\/2018\/12\/cner2018_vitezove.jpg","width":2048,"height":1363},{"@type":"BreadcrumbList","@id":"https:\/\/www.cner.cz\/2018\/12\/20\/cner-2019-s-novym-formatem\/#breadcrumb","itemListElement":[{"@type":"ListItem","position":1,"name":"Dom\u016f","item":"https:\/\/www.cner.cz\/"},{"@type":"ListItem","position":2,"name":"Czech New Energies Rallye v roce 2019 s nov\u00fdm form\u00e1tem"}]},{"@type":"WebSite","@id":"https:\/\/www.cner.cz\/#website","url":"https:\/\/www.cner.cz\/","name":"\u010cEZ Czech New Energies Rallye","description":"\u010cEZ Czech New Energies Rallye","potentialAction":[{"@type":"SearchAction","target":{"@type":"EntryPoint","urlTemplate":"https:\/\/www.cner.cz\/?s={search_term_string}"},"query-input":{"@type":"PropertyValueSpecification","valueRequired":true,"valueName":"search_term_string"}}],"inLanguage":"en-US"},{"@type":"Person","@id":"https:\/\/www.cner.cz\/#\/schema\/person\/6190b99819da7377d66768f7ff0ffd53","name":"Pavel Kacerovsk\u00fd","image":{"@type":"ImageObject","inLanguage":"en-US","@id":"https:\/\/secure.gravatar.com\/avatar\/f96c2ff6621ff743bc952660594123e03b9f87637dc4114505e8de6bf2112c65?s=96&d=mm&r=g","url":"https:\/\/secure.gravatar.com\/avatar\/f96c2ff6621ff743bc952660594123e03b9f87637dc4114505e8de6bf2112c65?s=96&d=mm&r=g","contentUrl":"https:\/\/secure.gravatar.com\/avatar\/f96c2ff6621ff743bc952660594123e03b9f87637dc4114505e8de6bf2112c65?s=96&d=mm&r=g","caption":"Pavel Kacerovsk\u00fd"},"sameAs":["http:\/\/www.ckmotorsport.cz","pavel.kacerovsky","https:\/\/x.com\/PavKac"],"url":"https:\/\/www.cner.cz\/en\/author\/pavel\/"}]}},"_links":{"self":[{"href":"https:\/\/www.cner.cz\/en\/wp-json\/wp\/v2\/posts\/2068","targetHints":{"allow":["GET"]}}],"collection":[{"href":"https:\/\/www.cner.cz\/en\/wp-json\/wp\/v2\/posts"}],"about":[{"href":"https:\/\/www.cner.cz\/en\/wp-json\/wp\/v2\/types\/post"}],"author":[{"embeddable":true,"href":"https:\/\/www.cner.cz\/en\/wp-json\/wp\/v2\/users\/2"}],"replies":[{"embeddable":true,"href":"https:\/\/www.cner.cz\/en\/wp-json\/wp\/v2\/comments?post=2068"}],"version-history":[{"count":1,"href":"https:\/\/www.cner.cz\/en\/wp-json\/wp\/v2\/posts\/2068\/revisions"}],"predecessor-version":[{"id":2075,"href":"https:\/\/www.cner.cz\/en\/wp-json\/wp\/v2\/posts\/2068\/revisions\/2075"}],"wp:featuredmedia":[{"embeddable":true,"href":"https:\/\/www.cner.cz\/en\/wp-json\/wp\/v2\/media\/2069"}],"wp:attachment":[{"href":"https:\/\/www.cner.cz\/en\/wp-json\/wp\/v2\/media?parent=2068"}],"wp:term":[{"taxonomy":"category","embeddable":true,"href":"https:\/\/www.cner.cz\/en\/wp-json\/wp\/v2\/categories?post=2068"},{"taxonomy":"post_tag","embeddable":true,"href":"https:\/\/www.cner.cz\/en\/wp-json\/wp\/v2\/tags?post=2068"}],"curies":[{"name":"wp","href":"https:\/\/api.w.org\/{rel}","templated":true}]}}