{"id":2903,"date":"2021-02-25T16:56:39","date_gmt":"2021-02-25T15:56:39","guid":{"rendered":"https:\/\/www.cner.cz\/?p=2903"},"modified":"2021-04-05T21:11:03","modified_gmt":"2021-04-05T20:11:03","slug":"rallye-cistych-energii-opet-zavita-do-ceskeho-krumlova","status":"publish","type":"post","link":"https:\/\/www.cner.cz\/en\/2021\/02\/25\/rallye-cistych-energii-opet-zavita-do-ceskeho-krumlova\/","title":{"rendered":"Rallye \u010dist\u00fdch energi\u00ed op\u011bt zav\u00edt\u00e1 do \u010cesk\u00e9ho Krumlova"},"content":{"rendered":"\n<p>P\u0159\u00edpravy Czech New Energies Rallye 2021 jedou naplno. Navzdory nep\u0159\u00edzniv\u00e9mu v\u00fdvoji pandemie koronaviru organiz\u00e1to\u0159i v\u011b\u0159\u00ed, \u017ee se poda\u0159\u00ed odlo\u017een\u00fd dev\u00e1t\u00fd ro\u010dn\u00edk jiho\u010desk\u00e9 rallye pravidelnosti ve dnech 21. a 22. kv\u011btna uspo\u0159\u00e1dat.<\/p>\n\n\n\n<p>Zat\u00edmco p\u0159ed rokem m\u011bl organiza\u010dn\u00ed t\u00fdm \u00daAMK South Bohemia Rally Clubu a sportovn\u00ed agentury \u010cK motorsport pro \u00fa\u010dastn\u00edky p\u0159ipravenou t\u0159\u00eddenn\u00ed sout\u011b\u017e s&nbsp;atraktivn\u00edmi \u00faseky situovan\u00fdmi mimo jin\u00e9 i do&nbsp;rakousk\u00e9ho p\u0159\u00edhrani\u010d\u00ed, kv\u016fli aktu\u00e1ln\u00edmu koronavirov\u00e9mu d\u011bn\u00ed a zm\u011bn\u011b p\u0159edpis\u016f Mezin\u00e1rodn\u00ed automobilov\u00e9 federace (FIA) musely p\u0159ij\u00edt zm\u011bny.<\/p>\n\n\n\n<p><strong>\u201eS ohledem na komplikace spojen\u00e9 s&nbsp;p\u0159ekro\u010den\u00edm st\u00e1tn\u00edch hranic a omezen\u00edm d\u00e9lky sout\u011b\u017ee na maxim\u00e1ln\u011b 400 kilometr\u016f do\u0161lo ke zkr\u00e1cen\u00ed programu pouze na dva dny. Jsme p\u0159esv\u011bd\u010deni, \u017ee d\u00edky st\u00e1le rostouc\u00edm dojezd\u016fm elektromobil\u016f nebudou m\u00edt pos\u00e1dky probl\u00e9m zdolat ka\u017edou etapu na jedno nabit\u00ed. Trasa bude n\u00e1ro\u010dn\u00e1 a frekvence m\u011b\u0159en\u00fdch test\u016f velmi intenzivn\u00ed,\u201c<\/strong> vysv\u011btluje \u0159editel Czech New Energies Rallye Pavel Kacerovsk\u00fd a dod\u00e1v\u00e1: <strong>\u201eOfici\u00e1ln\u011b rallye za\u010dne p\u00e1te\u010dn\u00edmi p\u0159ej\u00edmkami a startem v&nbsp;malebn\u00e9m prost\u0159ed\u00ed Pivovarsk\u00e9 zahrady, v\u0161echny p\u0159ihl\u00e1\u0161en\u00e9 v\u0161ak r\u00e1di p\u0159iv\u00edt\u00e1me, pokud to okolnosti dovol\u00ed, u\u017e ve \u010dtvrtek ve\u010der na spole\u010densk\u00e9 akci v&nbsp;centru \u010cesk\u00e9ho Krumlova.\u201c<\/strong><\/p>\n\n\n\n<p>B\u011bhem p\u00e1tku a soboty zdolaj\u00ed pos\u00e1dky p\u0159ibli\u017en\u011b 380 kilometr\u016f po st\u00e1vaj\u00edc\u00edch i b\u00fdval\u00fdch trat\u00edch soub\u011b\u017en\u011b konan\u00e9 Rallye \u010cesk\u00fd Krumlov, ani\u017e by musely b\u011bhem dne dlouh\u00e9 hodiny nab\u00edjet baterie. Krom\u011b n\u00e1ro\u010dn\u00fdch m\u011b\u0159en\u00fdch test\u016f s&nbsp;distanc\u00ed p\u0159esahuj\u00edc\u00ed 200 kilometr\u016f se \u00fa\u010dastn\u00edci sout\u011b\u017en\u00ed p\u0159ehl\u00eddky \u010dist\u00fdch energi\u00ed m\u016f\u017eou t\u011b\u0161it na bohat\u00fd catering a slavnostn\u00ed vyhl\u00e1\u0161en\u00ed v\u00edt\u011bz\u016f s p\u0159ejezdem c\u00edlov\u00e9 rampy pod krumlovsk\u00fdm z\u00e1mkem.<\/p>\n\n\n\n<figure class=\"wp-block-image size-full\"><img loading=\"lazy\" decoding=\"async\" width=\"1600\" height=\"1067\" src=\"https:\/\/www.cner.cz\/wp-content\/uploads\/2021\/02\/cner2021_pozvanka2.jpg\" alt=\"\" class=\"wp-image-2905\" srcset=\"https:\/\/www.cner.cz\/wp-content\/uploads\/2021\/02\/cner2021_pozvanka2.jpg 1600w, https:\/\/www.cner.cz\/wp-content\/uploads\/2021\/02\/cner2021_pozvanka2-300x200.jpg 300w, https:\/\/www.cner.cz\/wp-content\/uploads\/2021\/02\/cner2021_pozvanka2-1024x683.jpg 1024w, https:\/\/www.cner.cz\/wp-content\/uploads\/2021\/02\/cner2021_pozvanka2-768x512.jpg 768w, https:\/\/www.cner.cz\/wp-content\/uploads\/2021\/02\/cner2021_pozvanka2-1536x1024.jpg 1536w\" sizes=\"auto, (max-width: 1600px) 100vw, 1600px\" \/><\/figure>\n\n\n\n<p>Rallye pravidelnosti s&nbsp;centrem v&nbsp;historick\u00e9m j\u00e1dru m\u011bsta UNESCO je stejn\u011b jako v&nbsp;minul\u00fdch letech sou\u010d\u00e1st\u00ed mezin\u00e1rodn\u00edho seri\u00e1lu FIA Electric and New Energy Championship. O sv\u011btov\u00e9 body budou v&nbsp;ji\u017en\u00edch \u010cech\u00e1ch bojovat pouze elektromobily a zat\u00edm nep\u0159\u00edli\u0161 roz\u0161\u00ed\u0159en\u00e1 auta na vod\u00edk, pro vozy s&nbsp;hybridn\u00edm \u010di plynov\u00fdm pohonem po\u0159adatel\u00e9 vypsali \u00daAMK \u010ceskou trofej v&nbsp;ECO rallye pravidelnosti.<\/p>\n\n\n\n<p>O kone\u010dn\u00e9m po\u0159ad\u00ed v&nbsp;klasifikaci E-Rally Regularity Cupu p\u0159itom nebude rozhodovat pouze schopnost pos\u00e1dky p\u0159esn\u011b dodr\u017eovat stanoven\u00fd rychlostn\u00ed pr\u016fm\u011br na m\u011b\u0159en\u00fdch zkou\u0161k\u00e1ch. B\u011bhem Czech New Energies Rallye z\u00e1rove\u0148 mus\u00ed jet co nej\u00fasporn\u011bji. Po dojezdu do z\u00e1v\u011bre\u010dn\u00e9ho uzav\u0159en\u00e9ho parkovi\u0161t\u011b se v\u00fdsledky pravidelnosti a spot\u0159eby zkombinuj\u00ed, p\u0159ihl\u00e9dnuto bude rovn\u011b\u017e na technick\u00e9 parametry vozidla ud\u00e1van\u00e9 v\u00fdrobcem, p\u0159epo\u010dten\u00e9 na takzvan\u00fd index energetick\u00e9 n\u00e1ro\u010dnosti. \u0160anci atakovat medailov\u00e9 p\u0159\u00ed\u010dky tak maj\u00ed i velk\u00e1, t\u011b\u017ek\u00e1 a z\u00e1rove\u0148 v\u00fdkonn\u00e1 auta. Dal\u0161\u00ed informace k&nbsp;9. Czech New Energies Rallye 2021 se budou v&nbsp;n\u00e1sleduj\u00edc\u00edch t\u00fddnech pr\u016fb\u011b\u017en\u011b objevovat na webov\u00fdch str\u00e1nk\u00e1ch <a href=\"http:\/\/www.cner.cz\">www.cner.cz<\/a>.<\/p>\n\n\n\n<p>Foto: <strong><a href=\"https:\/\/www.facebook.com\/fotoskrivanek\" target=\"_blank\" rel=\"noreferrer noopener\">Petr Sk\u0159iv\u00e1nek<\/a><\/strong><\/p>\n","protected":false},"excerpt":{"rendered":"<p>P\u0159\u00edpravy Czech New Energies Rallye 2021 jedou naplno. Navzdory nep\u0159\u00edzniv\u00e9mu v\u00fdvoji pandemie koronaviru organiz\u00e1to\u0159i v\u011b\u0159\u00ed, \u017ee se poda\u0159\u00ed odlo\u017een\u00fd dev\u00e1t\u00fd ro\u010dn\u00edk jiho\u010desk\u00e9 rallye pravidelnosti ve dnech 21. a 22. kv\u011btna uspo\u0159\u00e1dat. Zat\u00edmco p\u0159ed rokem m\u011bl organiza\u010dn\u00ed t\u00fdm \u00daAMK South Bohemia Rally Clubu a sportovn\u00ed agentury \u010cK motorsport pro \u00fa\u010dastn\u00edky p\u0159ipravenou t\u0159\u00eddenn\u00ed sout\u011b\u017e s&nbsp;atraktivn\u00edmi \u00faseky situovan\u00fdmi [&hellip;]<\/p>\n","protected":false},"author":2,"featured_media":2904,"comment_status":"open","ping_status":"open","sticky":false,"template":"","format":"standard","meta":{"_acf_changed":false,"ngg_post_thumbnail":0,"footnotes":""},"categories":[4],"tags":[],"class_list":["post-2903","post","type-post","status-publish","format-standard","has-post-thumbnail","hentry","category-aktuality"],"acf":[],"yoast_head":"<!-- This site is optimized with the Yoast SEO plugin v27.3 - https:\/\/yoast.com\/product\/yoast-seo-wordpress\/ -->\n<title>Rallye \u010dist\u00fdch energi\u00ed op\u011bt zav\u00edt\u00e1 do \u010cesk\u00e9ho Krumlova - \u010cEZ Czech New Energies Rallye<\/title>\n<meta name=\"robots\" content=\"index, follow, max-snippet:-1, max-image-preview:large, max-video-preview:-1\" \/>\n<link rel=\"canonical\" href=\"https:\/\/www.cner.cz\/2021\/02\/25\/rallye-cistych-energii-opet-zavita-do-ceskeho-krumlova\/\" \/>\n<meta property=\"og:locale\" content=\"en_US\" \/>\n<meta property=\"og:type\" content=\"article\" \/>\n<meta property=\"og:title\" content=\"Rallye \u010dist\u00fdch energi\u00ed op\u011bt zav\u00edt\u00e1 do \u010cesk\u00e9ho Krumlova - \u010cEZ Czech New Energies Rallye\" \/>\n<meta property=\"og:description\" content=\"P\u0159\u00edpravy Czech New Energies Rallye 2021 jedou naplno. Navzdory nep\u0159\u00edzniv\u00e9mu v\u00fdvoji pandemie koronaviru organiz\u00e1to\u0159i v\u011b\u0159\u00ed, \u017ee se poda\u0159\u00ed odlo\u017een\u00fd dev\u00e1t\u00fd ro\u010dn\u00edk jiho\u010desk\u00e9 rallye pravidelnosti ve dnech 21. a 22. kv\u011btna uspo\u0159\u00e1dat. Zat\u00edmco p\u0159ed rokem m\u011bl organiza\u010dn\u00ed t\u00fdm \u00daAMK South Bohemia Rally Clubu a sportovn\u00ed agentury \u010cK motorsport pro \u00fa\u010dastn\u00edky p\u0159ipravenou t\u0159\u00eddenn\u00ed sout\u011b\u017e s&nbsp;atraktivn\u00edmi \u00faseky situovan\u00fdmi [&hellip;]\" \/>\n<meta property=\"og:url\" content=\"https:\/\/www.cner.cz\/2021\/02\/25\/rallye-cistych-energii-opet-zavita-do-ceskeho-krumlova\/\" \/>\n<meta property=\"og:site_name\" content=\"\u010cEZ Czech New Energies Rallye\" \/>\n<meta property=\"article:publisher\" content=\"https:\/\/www.facebook.com\/NewEnergiesRallye\/\" \/>\n<meta property=\"article:author\" content=\"pavel.kacerovsky\" \/>\n<meta property=\"article:published_time\" content=\"2021-02-25T15:56:39+00:00\" \/>\n<meta property=\"article:modified_time\" content=\"2021-04-05T20:11:03+00:00\" \/>\n<meta property=\"og:image\" content=\"https:\/\/www.cner.cz\/wp-content\/uploads\/2021\/02\/cner2021_pozvanka1.jpg\" \/>\n\t<meta property=\"og:image:width\" content=\"1600\" \/>\n\t<meta property=\"og:image:height\" content=\"1067\" \/>\n\t<meta property=\"og:image:type\" content=\"image\/jpeg\" \/>\n<meta name=\"author\" content=\"Pavel Kacerovsk\u00fd\" \/>\n<meta name=\"twitter:card\" content=\"summary_large_image\" \/>\n<meta name=\"twitter:creator\" content=\"@PavKac\" \/>\n<meta name=\"twitter:label1\" content=\"Written by\" \/>\n\t<meta name=\"twitter:data1\" content=\"Pavel Kacerovsk\u00fd\" \/>\n\t<meta name=\"twitter:label2\" content=\"Est. reading time\" \/>\n\t<meta name=\"twitter:data2\" content=\"2 minutes\" \/>\n<script type=\"application\/ld+json\" class=\"yoast-schema-graph\">{\"@context\":\"https:\\\/\\\/schema.org\",\"@graph\":[{\"@type\":\"Article\",\"@id\":\"https:\\\/\\\/www.cner.cz\\\/2021\\\/02\\\/25\\\/rallye-cistych-energii-opet-zavita-do-ceskeho-krumlova\\\/#article\",\"isPartOf\":{\"@id\":\"https:\\\/\\\/www.cner.cz\\\/2021\\\/02\\\/25\\\/rallye-cistych-energii-opet-zavita-do-ceskeho-krumlova\\\/\"},\"author\":{\"name\":\"Pavel Kacerovsk\u00fd\",\"@id\":\"https:\\\/\\\/www.cner.cz\\\/#\\\/schema\\\/person\\\/6190b99819da7377d66768f7ff0ffd53\"},\"headline\":\"Rallye \u010dist\u00fdch energi\u00ed op\u011bt zav\u00edt\u00e1 do \u010cesk\u00e9ho Krumlova\",\"datePublished\":\"2021-02-25T15:56:39+00:00\",\"dateModified\":\"2021-04-05T20:11:03+00:00\",\"mainEntityOfPage\":{\"@id\":\"https:\\\/\\\/www.cner.cz\\\/2021\\\/02\\\/25\\\/rallye-cistych-energii-opet-zavita-do-ceskeho-krumlova\\\/\"},\"wordCount\":589,\"commentCount\":0,\"image\":{\"@id\":\"https:\\\/\\\/www.cner.cz\\\/2021\\\/02\\\/25\\\/rallye-cistych-energii-opet-zavita-do-ceskeho-krumlova\\\/#primaryimage\"},\"thumbnailUrl\":\"https:\\\/\\\/www.cner.cz\\\/wp-content\\\/uploads\\\/2021\\\/02\\\/cner2021_pozvanka1.jpg\",\"articleSection\":[\"Aktuality\"],\"inLanguage\":\"en-US\",\"potentialAction\":[{\"@type\":\"CommentAction\",\"name\":\"Comment\",\"target\":[\"https:\\\/\\\/www.cner.cz\\\/2021\\\/02\\\/25\\\/rallye-cistych-energii-opet-zavita-do-ceskeho-krumlova\\\/#respond\"]}]},{\"@type\":\"WebPage\",\"@id\":\"https:\\\/\\\/www.cner.cz\\\/2021\\\/02\\\/25\\\/rallye-cistych-energii-opet-zavita-do-ceskeho-krumlova\\\/\",\"url\":\"https:\\\/\\\/www.cner.cz\\\/2021\\\/02\\\/25\\\/rallye-cistych-energii-opet-zavita-do-ceskeho-krumlova\\\/\",\"name\":\"Rallye \u010dist\u00fdch energi\u00ed op\u011bt zav\u00edt\u00e1 do \u010cesk\u00e9ho Krumlova - \u010cEZ Czech New Energies Rallye\",\"isPartOf\":{\"@id\":\"https:\\\/\\\/www.cner.cz\\\/#website\"},\"primaryImageOfPage\":{\"@id\":\"https:\\\/\\\/www.cner.cz\\\/2021\\\/02\\\/25\\\/rallye-cistych-energii-opet-zavita-do-ceskeho-krumlova\\\/#primaryimage\"},\"image\":{\"@id\":\"https:\\\/\\\/www.cner.cz\\\/2021\\\/02\\\/25\\\/rallye-cistych-energii-opet-zavita-do-ceskeho-krumlova\\\/#primaryimage\"},\"thumbnailUrl\":\"https:\\\/\\\/www.cner.cz\\\/wp-content\\\/uploads\\\/2021\\\/02\\\/cner2021_pozvanka1.jpg\",\"datePublished\":\"2021-02-25T15:56:39+00:00\",\"dateModified\":\"2021-04-05T20:11:03+00:00\",\"author\":{\"@id\":\"https:\\\/\\\/www.cner.cz\\\/#\\\/schema\\\/person\\\/6190b99819da7377d66768f7ff0ffd53\"},\"breadcrumb\":{\"@id\":\"https:\\\/\\\/www.cner.cz\\\/2021\\\/02\\\/25\\\/rallye-cistych-energii-opet-zavita-do-ceskeho-krumlova\\\/#breadcrumb\"},\"inLanguage\":\"en-US\",\"potentialAction\":[{\"@type\":\"ReadAction\",\"target\":[\"https:\\\/\\\/www.cner.cz\\\/2021\\\/02\\\/25\\\/rallye-cistych-energii-opet-zavita-do-ceskeho-krumlova\\\/\"]}]},{\"@type\":\"ImageObject\",\"inLanguage\":\"en-US\",\"@id\":\"https:\\\/\\\/www.cner.cz\\\/2021\\\/02\\\/25\\\/rallye-cistych-energii-opet-zavita-do-ceskeho-krumlova\\\/#primaryimage\",\"url\":\"https:\\\/\\\/www.cner.cz\\\/wp-content\\\/uploads\\\/2021\\\/02\\\/cner2021_pozvanka1.jpg\",\"contentUrl\":\"https:\\\/\\\/www.cner.cz\\\/wp-content\\\/uploads\\\/2021\\\/02\\\/cner2021_pozvanka1.jpg\",\"width\":1600,\"height\":1067},{\"@type\":\"BreadcrumbList\",\"@id\":\"https:\\\/\\\/www.cner.cz\\\/2021\\\/02\\\/25\\\/rallye-cistych-energii-opet-zavita-do-ceskeho-krumlova\\\/#breadcrumb\",\"itemListElement\":[{\"@type\":\"ListItem\",\"position\":1,\"name\":\"Dom\u016f\",\"item\":\"https:\\\/\\\/www.cner.cz\\\/\"},{\"@type\":\"ListItem\",\"position\":2,\"name\":\"Rallye \u010dist\u00fdch energi\u00ed op\u011bt zav\u00edt\u00e1 do \u010cesk\u00e9ho Krumlova\"}]},{\"@type\":\"WebSite\",\"@id\":\"https:\\\/\\\/www.cner.cz\\\/#website\",\"url\":\"https:\\\/\\\/www.cner.cz\\\/\",\"name\":\"\u010cEZ Czech New Energies Rallye\",\"description\":\"\u010cEZ Czech New Energies Rallye\",\"potentialAction\":[{\"@type\":\"SearchAction\",\"target\":{\"@type\":\"EntryPoint\",\"urlTemplate\":\"https:\\\/\\\/www.cner.cz\\\/?s={search_term_string}\"},\"query-input\":{\"@type\":\"PropertyValueSpecification\",\"valueRequired\":true,\"valueName\":\"search_term_string\"}}],\"inLanguage\":\"en-US\"},{\"@type\":\"Person\",\"@id\":\"https:\\\/\\\/www.cner.cz\\\/#\\\/schema\\\/person\\\/6190b99819da7377d66768f7ff0ffd53\",\"name\":\"Pavel Kacerovsk\u00fd\",\"image\":{\"@type\":\"ImageObject\",\"inLanguage\":\"en-US\",\"@id\":\"https:\\\/\\\/secure.gravatar.com\\\/avatar\\\/f96c2ff6621ff743bc952660594123e03b9f87637dc4114505e8de6bf2112c65?s=96&d=mm&r=g\",\"url\":\"https:\\\/\\\/secure.gravatar.com\\\/avatar\\\/f96c2ff6621ff743bc952660594123e03b9f87637dc4114505e8de6bf2112c65?s=96&d=mm&r=g\",\"contentUrl\":\"https:\\\/\\\/secure.gravatar.com\\\/avatar\\\/f96c2ff6621ff743bc952660594123e03b9f87637dc4114505e8de6bf2112c65?s=96&d=mm&r=g\",\"caption\":\"Pavel Kacerovsk\u00fd\"},\"sameAs\":[\"http:\\\/\\\/www.ckmotorsport.cz\",\"pavel.kacerovsky\",\"https:\\\/\\\/x.com\\\/PavKac\"],\"url\":\"https:\\\/\\\/www.cner.cz\\\/en\\\/author\\\/pavel\\\/\"}]}<\/script>\n<!-- \/ Yoast SEO plugin. -->","yoast_head_json":{"title":"Rallye \u010dist\u00fdch energi\u00ed op\u011bt zav\u00edt\u00e1 do \u010cesk\u00e9ho Krumlova - \u010cEZ Czech New Energies Rallye","robots":{"index":"index","follow":"follow","max-snippet":"max-snippet:-1","max-image-preview":"max-image-preview:large","max-video-preview":"max-video-preview:-1"},"canonical":"https:\/\/www.cner.cz\/2021\/02\/25\/rallye-cistych-energii-opet-zavita-do-ceskeho-krumlova\/","og_locale":"en_US","og_type":"article","og_title":"Rallye \u010dist\u00fdch energi\u00ed op\u011bt zav\u00edt\u00e1 do \u010cesk\u00e9ho Krumlova - \u010cEZ Czech New Energies Rallye","og_description":"P\u0159\u00edpravy Czech New Energies Rallye 2021 jedou naplno. Navzdory nep\u0159\u00edzniv\u00e9mu v\u00fdvoji pandemie koronaviru organiz\u00e1to\u0159i v\u011b\u0159\u00ed, \u017ee se poda\u0159\u00ed odlo\u017een\u00fd dev\u00e1t\u00fd ro\u010dn\u00edk jiho\u010desk\u00e9 rallye pravidelnosti ve dnech 21. a 22. kv\u011btna uspo\u0159\u00e1dat. Zat\u00edmco p\u0159ed rokem m\u011bl organiza\u010dn\u00ed t\u00fdm \u00daAMK South Bohemia Rally Clubu a sportovn\u00ed agentury \u010cK motorsport pro \u00fa\u010dastn\u00edky p\u0159ipravenou t\u0159\u00eddenn\u00ed sout\u011b\u017e s&nbsp;atraktivn\u00edmi \u00faseky situovan\u00fdmi [&hellip;]","og_url":"https:\/\/www.cner.cz\/2021\/02\/25\/rallye-cistych-energii-opet-zavita-do-ceskeho-krumlova\/","og_site_name":"\u010cEZ Czech New Energies Rallye","article_publisher":"https:\/\/www.facebook.com\/NewEnergiesRallye\/","article_author":"pavel.kacerovsky","article_published_time":"2021-02-25T15:56:39+00:00","article_modified_time":"2021-04-05T20:11:03+00:00","og_image":[{"width":1600,"height":1067,"url":"https:\/\/www.cner.cz\/wp-content\/uploads\/2021\/02\/cner2021_pozvanka1.jpg","type":"image\/jpeg"}],"author":"Pavel Kacerovsk\u00fd","twitter_card":"summary_large_image","twitter_creator":"@PavKac","twitter_misc":{"Written by":"Pavel Kacerovsk\u00fd","Est. reading time":"2 minutes"},"schema":{"@context":"https:\/\/schema.org","@graph":[{"@type":"Article","@id":"https:\/\/www.cner.cz\/2021\/02\/25\/rallye-cistych-energii-opet-zavita-do-ceskeho-krumlova\/#article","isPartOf":{"@id":"https:\/\/www.cner.cz\/2021\/02\/25\/rallye-cistych-energii-opet-zavita-do-ceskeho-krumlova\/"},"author":{"name":"Pavel Kacerovsk\u00fd","@id":"https:\/\/www.cner.cz\/#\/schema\/person\/6190b99819da7377d66768f7ff0ffd53"},"headline":"Rallye \u010dist\u00fdch energi\u00ed op\u011bt zav\u00edt\u00e1 do \u010cesk\u00e9ho Krumlova","datePublished":"2021-02-25T15:56:39+00:00","dateModified":"2021-04-05T20:11:03+00:00","mainEntityOfPage":{"@id":"https:\/\/www.cner.cz\/2021\/02\/25\/rallye-cistych-energii-opet-zavita-do-ceskeho-krumlova\/"},"wordCount":589,"commentCount":0,"image":{"@id":"https:\/\/www.cner.cz\/2021\/02\/25\/rallye-cistych-energii-opet-zavita-do-ceskeho-krumlova\/#primaryimage"},"thumbnailUrl":"https:\/\/www.cner.cz\/wp-content\/uploads\/2021\/02\/cner2021_pozvanka1.jpg","articleSection":["Aktuality"],"inLanguage":"en-US","potentialAction":[{"@type":"CommentAction","name":"Comment","target":["https:\/\/www.cner.cz\/2021\/02\/25\/rallye-cistych-energii-opet-zavita-do-ceskeho-krumlova\/#respond"]}]},{"@type":"WebPage","@id":"https:\/\/www.cner.cz\/2021\/02\/25\/rallye-cistych-energii-opet-zavita-do-ceskeho-krumlova\/","url":"https:\/\/www.cner.cz\/2021\/02\/25\/rallye-cistych-energii-opet-zavita-do-ceskeho-krumlova\/","name":"Rallye \u010dist\u00fdch energi\u00ed op\u011bt zav\u00edt\u00e1 do \u010cesk\u00e9ho Krumlova - \u010cEZ Czech New Energies Rallye","isPartOf":{"@id":"https:\/\/www.cner.cz\/#website"},"primaryImageOfPage":{"@id":"https:\/\/www.cner.cz\/2021\/02\/25\/rallye-cistych-energii-opet-zavita-do-ceskeho-krumlova\/#primaryimage"},"image":{"@id":"https:\/\/www.cner.cz\/2021\/02\/25\/rallye-cistych-energii-opet-zavita-do-ceskeho-krumlova\/#primaryimage"},"thumbnailUrl":"https:\/\/www.cner.cz\/wp-content\/uploads\/2021\/02\/cner2021_pozvanka1.jpg","datePublished":"2021-02-25T15:56:39+00:00","dateModified":"2021-04-05T20:11:03+00:00","author":{"@id":"https:\/\/www.cner.cz\/#\/schema\/person\/6190b99819da7377d66768f7ff0ffd53"},"breadcrumb":{"@id":"https:\/\/www.cner.cz\/2021\/02\/25\/rallye-cistych-energii-opet-zavita-do-ceskeho-krumlova\/#breadcrumb"},"inLanguage":"en-US","potentialAction":[{"@type":"ReadAction","target":["https:\/\/www.cner.cz\/2021\/02\/25\/rallye-cistych-energii-opet-zavita-do-ceskeho-krumlova\/"]}]},{"@type":"ImageObject","inLanguage":"en-US","@id":"https:\/\/www.cner.cz\/2021\/02\/25\/rallye-cistych-energii-opet-zavita-do-ceskeho-krumlova\/#primaryimage","url":"https:\/\/www.cner.cz\/wp-content\/uploads\/2021\/02\/cner2021_pozvanka1.jpg","contentUrl":"https:\/\/www.cner.cz\/wp-content\/uploads\/2021\/02\/cner2021_pozvanka1.jpg","width":1600,"height":1067},{"@type":"BreadcrumbList","@id":"https:\/\/www.cner.cz\/2021\/02\/25\/rallye-cistych-energii-opet-zavita-do-ceskeho-krumlova\/#breadcrumb","itemListElement":[{"@type":"ListItem","position":1,"name":"Dom\u016f","item":"https:\/\/www.cner.cz\/"},{"@type":"ListItem","position":2,"name":"Rallye \u010dist\u00fdch energi\u00ed op\u011bt zav\u00edt\u00e1 do \u010cesk\u00e9ho Krumlova"}]},{"@type":"WebSite","@id":"https:\/\/www.cner.cz\/#website","url":"https:\/\/www.cner.cz\/","name":"\u010cEZ Czech New Energies Rallye","description":"\u010cEZ Czech New Energies Rallye","potentialAction":[{"@type":"SearchAction","target":{"@type":"EntryPoint","urlTemplate":"https:\/\/www.cner.cz\/?s={search_term_string}"},"query-input":{"@type":"PropertyValueSpecification","valueRequired":true,"valueName":"search_term_string"}}],"inLanguage":"en-US"},{"@type":"Person","@id":"https:\/\/www.cner.cz\/#\/schema\/person\/6190b99819da7377d66768f7ff0ffd53","name":"Pavel Kacerovsk\u00fd","image":{"@type":"ImageObject","inLanguage":"en-US","@id":"https:\/\/secure.gravatar.com\/avatar\/f96c2ff6621ff743bc952660594123e03b9f87637dc4114505e8de6bf2112c65?s=96&d=mm&r=g","url":"https:\/\/secure.gravatar.com\/avatar\/f96c2ff6621ff743bc952660594123e03b9f87637dc4114505e8de6bf2112c65?s=96&d=mm&r=g","contentUrl":"https:\/\/secure.gravatar.com\/avatar\/f96c2ff6621ff743bc952660594123e03b9f87637dc4114505e8de6bf2112c65?s=96&d=mm&r=g","caption":"Pavel Kacerovsk\u00fd"},"sameAs":["http:\/\/www.ckmotorsport.cz","pavel.kacerovsky","https:\/\/x.com\/PavKac"],"url":"https:\/\/www.cner.cz\/en\/author\/pavel\/"}]}},"_links":{"self":[{"href":"https:\/\/www.cner.cz\/en\/wp-json\/wp\/v2\/posts\/2903","targetHints":{"allow":["GET"]}}],"collection":[{"href":"https:\/\/www.cner.cz\/en\/wp-json\/wp\/v2\/posts"}],"about":[{"href":"https:\/\/www.cner.cz\/en\/wp-json\/wp\/v2\/types\/post"}],"author":[{"embeddable":true,"href":"https:\/\/www.cner.cz\/en\/wp-json\/wp\/v2\/users\/2"}],"replies":[{"embeddable":true,"href":"https:\/\/www.cner.cz\/en\/wp-json\/wp\/v2\/comments?post=2903"}],"version-history":[{"count":2,"href":"https:\/\/www.cner.cz\/en\/wp-json\/wp\/v2\/posts\/2903\/revisions"}],"predecessor-version":[{"id":2926,"href":"https:\/\/www.cner.cz\/en\/wp-json\/wp\/v2\/posts\/2903\/revisions\/2926"}],"wp:featuredmedia":[{"embeddable":true,"href":"https:\/\/www.cner.cz\/en\/wp-json\/wp\/v2\/media\/2904"}],"wp:attachment":[{"href":"https:\/\/www.cner.cz\/en\/wp-json\/wp\/v2\/media?parent=2903"}],"wp:term":[{"taxonomy":"category","embeddable":true,"href":"https:\/\/www.cner.cz\/en\/wp-json\/wp\/v2\/categories?post=2903"},{"taxonomy":"post_tag","embeddable":true,"href":"https:\/\/www.cner.cz\/en\/wp-json\/wp\/v2\/tags?post=2903"}],"curies":[{"name":"wp","href":"https:\/\/api.w.org\/{rel}","templated":true}]}}