{"id":332,"date":"2016-04-27T20:30:48","date_gmt":"2016-04-27T19:30:48","guid":{"rendered":"http:\/\/rallye-newenergies.cz\/?p=332"},"modified":"2016-05-18T00:56:01","modified_gmt":"2016-05-17T23:56:01","slug":"prezident-fia-jean-todt-odstartuje-ceskokrumlovskou-new-energies-rallye","status":"publish","type":"post","link":"https:\/\/www.cner.cz\/en\/2016\/04\/27\/prezident-fia-jean-todt-odstartuje-ceskokrumlovskou-new-energies-rallye\/","title":{"rendered":"FIA President Jean Todt will flag off  the New Energies Rallye"},"content":{"rendered":"<p>A great personality of world motorsports will arrive to the Czech Republic at the end of May. FIA President Jean Todt will take part in the opening ceremony of the 5th New Energies Rallye \u010cesk\u00fd Krumlov in the historic centre of the town listed as a UNESCO World Heritage Site.<\/p>\n<p>The visit of the top representative of FIA means the culmination of the 4-year long efforts of organizers from\u00a0\u010cK motorsport and \u00daAMK Automotoklub Rallye \u010cesk\u00fd Krumlov to have the competition for cars with alternative energy propulsion included in the calendar of the world championship FIA Alternative Energies Cup.<\/p>\n<p>The Frenchman Jean Todt (born February 25, 1946), former co-driver in car rallies, later on a boss of Ferrari F1 racing team and the closest collaborator of Michael Schumacher, will visit the Czech republic for the first time since 2012, again at the invitation of the \u00daAMK President, JUDr. Old\u0159ich Van\u00ed\u010dek.<\/p>\n<p>The program of the South Bohemian visit of Jean Todt during Thursday, May 26, will be made available in the next days. Detailed information on the New Energies Rallye \u010cesk\u00fd Krumlov is available on the official website of the competition, <a href=\"http:\/\/pavel.kacerovsky@rallyekrumlov.cz\">www.rallye-newenergies.cz<\/a>.<\/p>\n<p><strong>Contact to the Organizer:<\/strong><\/p>\n<p>Pavel Kacerovsk\u00fd<br \/>\nClerk of the Course<br \/>\n5. New Energies Rallye \u010cesk\u00fd Krumlov 2016<\/p>\n<p>Telephone: +420 728 547 505<br \/>\nE-mail: <a href=\"mailto:pavel.kacerovsky@rallyekrumlov.cz\" target=\"_blank\">pavel.kacerovsky@rallyekrumlov.cz<\/a><\/p>","protected":false},"excerpt":{"rendered":"<p>A great personality of world motorsports will arrive to the Czech Republic at the end of May. FIA President Jean Todt will take part in the opening ceremony of the 5th New Energies Rallye \u010cesk\u00fd Krumlov in the historic centre of the town listed as a UNESCO World Heritage Site. The visit of the top [&hellip;]<\/p>\n","protected":false},"author":2,"featured_media":333,"comment_status":"open","ping_status":"open","sticky":false,"template":"","format":"standard","meta":{"_acf_changed":false,"ngg_post_thumbnail":0,"footnotes":""},"categories":[4],"tags":[],"class_list":["post-332","post","type-post","status-publish","format-standard","has-post-thumbnail","hentry","category-aktuality"],"acf":[],"yoast_head":"<!-- This site is optimized with the Yoast SEO plugin v27.3 - https:\/\/yoast.com\/product\/yoast-seo-wordpress\/ -->\n<title>FIA President Jean Todt will flag off the New Energies Rallye - \u010cEZ Czech New Energies Rallye<\/title>\n<meta name=\"robots\" content=\"index, follow, max-snippet:-1, max-image-preview:large, max-video-preview:-1\" \/>\n<link rel=\"canonical\" href=\"https:\/\/www.cner.cz\/2016\/04\/27\/prezident-fia-jean-todt-odstartuje-ceskokrumlovskou-new-energies-rallye\/\" \/>\n<meta property=\"og:locale\" content=\"en_US\" \/>\n<meta property=\"og:type\" content=\"article\" \/>\n<meta property=\"og:title\" content=\"FIA President Jean Todt will flag off the New Energies Rallye - \u010cEZ Czech New Energies Rallye\" \/>\n<meta property=\"og:description\" content=\"A great personality of world motorsports will arrive to the Czech Republic at the end of May. FIA President Jean Todt will take part in the opening ceremony of the 5th New Energies Rallye \u010cesk\u00fd Krumlov in the historic centre of the town listed as a UNESCO World Heritage Site. The visit of the top [&hellip;]\" \/>\n<meta property=\"og:url\" content=\"https:\/\/www.cner.cz\/2016\/04\/27\/prezident-fia-jean-todt-odstartuje-ceskokrumlovskou-new-energies-rallye\/\" \/>\n<meta property=\"og:site_name\" content=\"\u010cEZ Czech New Energies Rallye\" \/>\n<meta property=\"article:publisher\" content=\"https:\/\/www.facebook.com\/NewEnergiesRallye\/\" \/>\n<meta property=\"article:author\" content=\"pavel.kacerovsky\" \/>\n<meta property=\"article:published_time\" content=\"2016-04-27T19:30:48+00:00\" \/>\n<meta property=\"article:modified_time\" content=\"2016-05-17T23:56:01+00:00\" \/>\n<meta property=\"og:image\" content=\"https:\/\/www.cner.cz\/wp-content\/uploads\/2016\/04\/todt-vanicek-schumacher.jpg\" \/>\n\t<meta property=\"og:image:width\" content=\"1024\" \/>\n\t<meta property=\"og:image:height\" content=\"683\" \/>\n\t<meta property=\"og:image:type\" content=\"image\/jpeg\" \/>\n<meta name=\"author\" content=\"Pavel Kacerovsk\u00fd\" \/>\n<meta name=\"twitter:card\" content=\"summary_large_image\" \/>\n<meta name=\"twitter:creator\" content=\"@PavKac\" \/>\n<meta name=\"twitter:label1\" content=\"Written by\" \/>\n\t<meta name=\"twitter:data1\" content=\"Pavel Kacerovsk\u00fd\" \/>\n\t<meta name=\"twitter:label2\" content=\"Est. reading time\" \/>\n\t<meta name=\"twitter:data2\" content=\"2 minutes\" \/>\n<script type=\"application\/ld+json\" class=\"yoast-schema-graph\">{\"@context\":\"https:\\\/\\\/schema.org\",\"@graph\":[{\"@type\":\"Article\",\"@id\":\"https:\\\/\\\/www.cner.cz\\\/2016\\\/04\\\/27\\\/prezident-fia-jean-todt-odstartuje-ceskokrumlovskou-new-energies-rallye\\\/#article\",\"isPartOf\":{\"@id\":\"https:\\\/\\\/www.cner.cz\\\/2016\\\/04\\\/27\\\/prezident-fia-jean-todt-odstartuje-ceskokrumlovskou-new-energies-rallye\\\/\"},\"author\":{\"name\":\"Pavel Kacerovsk\u00fd\",\"@id\":\"https:\\\/\\\/www.cner.cz\\\/#\\\/schema\\\/person\\\/6190b99819da7377d66768f7ff0ffd53\"},\"headline\":\"FIA President Jean Todt will flag off the New Energies Rallye\",\"datePublished\":\"2016-04-27T19:30:48+00:00\",\"dateModified\":\"2016-05-17T23:56:01+00:00\",\"mainEntityOfPage\":{\"@id\":\"https:\\\/\\\/www.cner.cz\\\/2016\\\/04\\\/27\\\/prezident-fia-jean-todt-odstartuje-ceskokrumlovskou-new-energies-rallye\\\/\"},\"wordCount\":452,\"commentCount\":0,\"image\":{\"@id\":\"https:\\\/\\\/www.cner.cz\\\/2016\\\/04\\\/27\\\/prezident-fia-jean-todt-odstartuje-ceskokrumlovskou-new-energies-rallye\\\/#primaryimage\"},\"thumbnailUrl\":\"https:\\\/\\\/www.cner.cz\\\/wp-content\\\/uploads\\\/2016\\\/04\\\/todt-vanicek-schumacher.jpg\",\"articleSection\":[\"Aktuality\"],\"inLanguage\":\"en-US\",\"potentialAction\":[{\"@type\":\"CommentAction\",\"name\":\"Comment\",\"target\":[\"https:\\\/\\\/www.cner.cz\\\/2016\\\/04\\\/27\\\/prezident-fia-jean-todt-odstartuje-ceskokrumlovskou-new-energies-rallye\\\/#respond\"]}]},{\"@type\":\"WebPage\",\"@id\":\"https:\\\/\\\/www.cner.cz\\\/2016\\\/04\\\/27\\\/prezident-fia-jean-todt-odstartuje-ceskokrumlovskou-new-energies-rallye\\\/\",\"url\":\"https:\\\/\\\/www.cner.cz\\\/2016\\\/04\\\/27\\\/prezident-fia-jean-todt-odstartuje-ceskokrumlovskou-new-energies-rallye\\\/\",\"name\":\"FIA President Jean Todt will flag off the New Energies Rallye - \u010cEZ Czech New Energies Rallye\",\"isPartOf\":{\"@id\":\"https:\\\/\\\/www.cner.cz\\\/#website\"},\"primaryImageOfPage\":{\"@id\":\"https:\\\/\\\/www.cner.cz\\\/2016\\\/04\\\/27\\\/prezident-fia-jean-todt-odstartuje-ceskokrumlovskou-new-energies-rallye\\\/#primaryimage\"},\"image\":{\"@id\":\"https:\\\/\\\/www.cner.cz\\\/2016\\\/04\\\/27\\\/prezident-fia-jean-todt-odstartuje-ceskokrumlovskou-new-energies-rallye\\\/#primaryimage\"},\"thumbnailUrl\":\"https:\\\/\\\/www.cner.cz\\\/wp-content\\\/uploads\\\/2016\\\/04\\\/todt-vanicek-schumacher.jpg\",\"datePublished\":\"2016-04-27T19:30:48+00:00\",\"dateModified\":\"2016-05-17T23:56:01+00:00\",\"author\":{\"@id\":\"https:\\\/\\\/www.cner.cz\\\/#\\\/schema\\\/person\\\/6190b99819da7377d66768f7ff0ffd53\"},\"breadcrumb\":{\"@id\":\"https:\\\/\\\/www.cner.cz\\\/2016\\\/04\\\/27\\\/prezident-fia-jean-todt-odstartuje-ceskokrumlovskou-new-energies-rallye\\\/#breadcrumb\"},\"inLanguage\":\"en-US\",\"potentialAction\":[{\"@type\":\"ReadAction\",\"target\":[\"https:\\\/\\\/www.cner.cz\\\/2016\\\/04\\\/27\\\/prezident-fia-jean-todt-odstartuje-ceskokrumlovskou-new-energies-rallye\\\/\"]}]},{\"@type\":\"ImageObject\",\"inLanguage\":\"en-US\",\"@id\":\"https:\\\/\\\/www.cner.cz\\\/2016\\\/04\\\/27\\\/prezident-fia-jean-todt-odstartuje-ceskokrumlovskou-new-energies-rallye\\\/#primaryimage\",\"url\":\"https:\\\/\\\/www.cner.cz\\\/wp-content\\\/uploads\\\/2016\\\/04\\\/todt-vanicek-schumacher.jpg\",\"contentUrl\":\"https:\\\/\\\/www.cner.cz\\\/wp-content\\\/uploads\\\/2016\\\/04\\\/todt-vanicek-schumacher.jpg\",\"width\":1024,\"height\":683},{\"@type\":\"BreadcrumbList\",\"@id\":\"https:\\\/\\\/www.cner.cz\\\/2016\\\/04\\\/27\\\/prezident-fia-jean-todt-odstartuje-ceskokrumlovskou-new-energies-rallye\\\/#breadcrumb\",\"itemListElement\":[{\"@type\":\"ListItem\",\"position\":1,\"name\":\"Dom\u016f\",\"item\":\"https:\\\/\\\/www.cner.cz\\\/\"},{\"@type\":\"ListItem\",\"position\":2,\"name\":\"Prezident FIA Jean Todt odstartuje New Energies Rallye\"}]},{\"@type\":\"WebSite\",\"@id\":\"https:\\\/\\\/www.cner.cz\\\/#website\",\"url\":\"https:\\\/\\\/www.cner.cz\\\/\",\"name\":\"\u010cEZ Czech New Energies Rallye\",\"description\":\"\u010cEZ Czech New Energies Rallye\",\"potentialAction\":[{\"@type\":\"SearchAction\",\"target\":{\"@type\":\"EntryPoint\",\"urlTemplate\":\"https:\\\/\\\/www.cner.cz\\\/?s={search_term_string}\"},\"query-input\":{\"@type\":\"PropertyValueSpecification\",\"valueRequired\":true,\"valueName\":\"search_term_string\"}}],\"inLanguage\":\"en-US\"},{\"@type\":\"Person\",\"@id\":\"https:\\\/\\\/www.cner.cz\\\/#\\\/schema\\\/person\\\/6190b99819da7377d66768f7ff0ffd53\",\"name\":\"Pavel Kacerovsk\u00fd\",\"image\":{\"@type\":\"ImageObject\",\"inLanguage\":\"en-US\",\"@id\":\"https:\\\/\\\/secure.gravatar.com\\\/avatar\\\/f96c2ff6621ff743bc952660594123e03b9f87637dc4114505e8de6bf2112c65?s=96&d=mm&r=g\",\"url\":\"https:\\\/\\\/secure.gravatar.com\\\/avatar\\\/f96c2ff6621ff743bc952660594123e03b9f87637dc4114505e8de6bf2112c65?s=96&d=mm&r=g\",\"contentUrl\":\"https:\\\/\\\/secure.gravatar.com\\\/avatar\\\/f96c2ff6621ff743bc952660594123e03b9f87637dc4114505e8de6bf2112c65?s=96&d=mm&r=g\",\"caption\":\"Pavel Kacerovsk\u00fd\"},\"sameAs\":[\"http:\\\/\\\/www.ckmotorsport.cz\",\"pavel.kacerovsky\",\"https:\\\/\\\/x.com\\\/PavKac\"],\"url\":\"https:\\\/\\\/www.cner.cz\\\/en\\\/author\\\/pavel\\\/\"}]}<\/script>\n<!-- \/ Yoast SEO plugin. -->","yoast_head_json":{"title":"FIA President Jean Todt will flag off the New Energies Rallye - \u010cEZ Czech New Energies Rallye","robots":{"index":"index","follow":"follow","max-snippet":"max-snippet:-1","max-image-preview":"max-image-preview:large","max-video-preview":"max-video-preview:-1"},"canonical":"https:\/\/www.cner.cz\/2016\/04\/27\/prezident-fia-jean-todt-odstartuje-ceskokrumlovskou-new-energies-rallye\/","og_locale":"en_US","og_type":"article","og_title":"FIA President Jean Todt will flag off the New Energies Rallye - \u010cEZ Czech New Energies Rallye","og_description":"A great personality of world motorsports will arrive to the Czech Republic at the end of May. FIA President Jean Todt will take part in the opening ceremony of the 5th New Energies Rallye \u010cesk\u00fd Krumlov in the historic centre of the town listed as a UNESCO World Heritage Site. The visit of the top [&hellip;]","og_url":"https:\/\/www.cner.cz\/2016\/04\/27\/prezident-fia-jean-todt-odstartuje-ceskokrumlovskou-new-energies-rallye\/","og_site_name":"\u010cEZ Czech New Energies Rallye","article_publisher":"https:\/\/www.facebook.com\/NewEnergiesRallye\/","article_author":"pavel.kacerovsky","article_published_time":"2016-04-27T19:30:48+00:00","article_modified_time":"2016-05-17T23:56:01+00:00","og_image":[{"width":1024,"height":683,"url":"https:\/\/www.cner.cz\/wp-content\/uploads\/2016\/04\/todt-vanicek-schumacher.jpg","type":"image\/jpeg"}],"author":"Pavel Kacerovsk\u00fd","twitter_card":"summary_large_image","twitter_creator":"@PavKac","twitter_misc":{"Written by":"Pavel Kacerovsk\u00fd","Est. reading time":"2 minutes"},"schema":{"@context":"https:\/\/schema.org","@graph":[{"@type":"Article","@id":"https:\/\/www.cner.cz\/2016\/04\/27\/prezident-fia-jean-todt-odstartuje-ceskokrumlovskou-new-energies-rallye\/#article","isPartOf":{"@id":"https:\/\/www.cner.cz\/2016\/04\/27\/prezident-fia-jean-todt-odstartuje-ceskokrumlovskou-new-energies-rallye\/"},"author":{"name":"Pavel Kacerovsk\u00fd","@id":"https:\/\/www.cner.cz\/#\/schema\/person\/6190b99819da7377d66768f7ff0ffd53"},"headline":"FIA President Jean Todt will flag off the New Energies Rallye","datePublished":"2016-04-27T19:30:48+00:00","dateModified":"2016-05-17T23:56:01+00:00","mainEntityOfPage":{"@id":"https:\/\/www.cner.cz\/2016\/04\/27\/prezident-fia-jean-todt-odstartuje-ceskokrumlovskou-new-energies-rallye\/"},"wordCount":452,"commentCount":0,"image":{"@id":"https:\/\/www.cner.cz\/2016\/04\/27\/prezident-fia-jean-todt-odstartuje-ceskokrumlovskou-new-energies-rallye\/#primaryimage"},"thumbnailUrl":"https:\/\/www.cner.cz\/wp-content\/uploads\/2016\/04\/todt-vanicek-schumacher.jpg","articleSection":["Aktuality"],"inLanguage":"en-US","potentialAction":[{"@type":"CommentAction","name":"Comment","target":["https:\/\/www.cner.cz\/2016\/04\/27\/prezident-fia-jean-todt-odstartuje-ceskokrumlovskou-new-energies-rallye\/#respond"]}]},{"@type":"WebPage","@id":"https:\/\/www.cner.cz\/2016\/04\/27\/prezident-fia-jean-todt-odstartuje-ceskokrumlovskou-new-energies-rallye\/","url":"https:\/\/www.cner.cz\/2016\/04\/27\/prezident-fia-jean-todt-odstartuje-ceskokrumlovskou-new-energies-rallye\/","name":"FIA President Jean Todt will flag off the New Energies Rallye - \u010cEZ Czech New Energies Rallye","isPartOf":{"@id":"https:\/\/www.cner.cz\/#website"},"primaryImageOfPage":{"@id":"https:\/\/www.cner.cz\/2016\/04\/27\/prezident-fia-jean-todt-odstartuje-ceskokrumlovskou-new-energies-rallye\/#primaryimage"},"image":{"@id":"https:\/\/www.cner.cz\/2016\/04\/27\/prezident-fia-jean-todt-odstartuje-ceskokrumlovskou-new-energies-rallye\/#primaryimage"},"thumbnailUrl":"https:\/\/www.cner.cz\/wp-content\/uploads\/2016\/04\/todt-vanicek-schumacher.jpg","datePublished":"2016-04-27T19:30:48+00:00","dateModified":"2016-05-17T23:56:01+00:00","author":{"@id":"https:\/\/www.cner.cz\/#\/schema\/person\/6190b99819da7377d66768f7ff0ffd53"},"breadcrumb":{"@id":"https:\/\/www.cner.cz\/2016\/04\/27\/prezident-fia-jean-todt-odstartuje-ceskokrumlovskou-new-energies-rallye\/#breadcrumb"},"inLanguage":"en-US","potentialAction":[{"@type":"ReadAction","target":["https:\/\/www.cner.cz\/2016\/04\/27\/prezident-fia-jean-todt-odstartuje-ceskokrumlovskou-new-energies-rallye\/"]}]},{"@type":"ImageObject","inLanguage":"en-US","@id":"https:\/\/www.cner.cz\/2016\/04\/27\/prezident-fia-jean-todt-odstartuje-ceskokrumlovskou-new-energies-rallye\/#primaryimage","url":"https:\/\/www.cner.cz\/wp-content\/uploads\/2016\/04\/todt-vanicek-schumacher.jpg","contentUrl":"https:\/\/www.cner.cz\/wp-content\/uploads\/2016\/04\/todt-vanicek-schumacher.jpg","width":1024,"height":683},{"@type":"BreadcrumbList","@id":"https:\/\/www.cner.cz\/2016\/04\/27\/prezident-fia-jean-todt-odstartuje-ceskokrumlovskou-new-energies-rallye\/#breadcrumb","itemListElement":[{"@type":"ListItem","position":1,"name":"Dom\u016f","item":"https:\/\/www.cner.cz\/"},{"@type":"ListItem","position":2,"name":"Prezident FIA Jean Todt odstartuje New Energies Rallye"}]},{"@type":"WebSite","@id":"https:\/\/www.cner.cz\/#website","url":"https:\/\/www.cner.cz\/","name":"\u010cEZ Czech New Energies Rallye","description":"\u010cEZ Czech New Energies Rallye","potentialAction":[{"@type":"SearchAction","target":{"@type":"EntryPoint","urlTemplate":"https:\/\/www.cner.cz\/?s={search_term_string}"},"query-input":{"@type":"PropertyValueSpecification","valueRequired":true,"valueName":"search_term_string"}}],"inLanguage":"en-US"},{"@type":"Person","@id":"https:\/\/www.cner.cz\/#\/schema\/person\/6190b99819da7377d66768f7ff0ffd53","name":"Pavel Kacerovsk\u00fd","image":{"@type":"ImageObject","inLanguage":"en-US","@id":"https:\/\/secure.gravatar.com\/avatar\/f96c2ff6621ff743bc952660594123e03b9f87637dc4114505e8de6bf2112c65?s=96&d=mm&r=g","url":"https:\/\/secure.gravatar.com\/avatar\/f96c2ff6621ff743bc952660594123e03b9f87637dc4114505e8de6bf2112c65?s=96&d=mm&r=g","contentUrl":"https:\/\/secure.gravatar.com\/avatar\/f96c2ff6621ff743bc952660594123e03b9f87637dc4114505e8de6bf2112c65?s=96&d=mm&r=g","caption":"Pavel Kacerovsk\u00fd"},"sameAs":["http:\/\/www.ckmotorsport.cz","pavel.kacerovsky","https:\/\/x.com\/PavKac"],"url":"https:\/\/www.cner.cz\/en\/author\/pavel\/"}]}},"_links":{"self":[{"href":"https:\/\/www.cner.cz\/en\/wp-json\/wp\/v2\/posts\/332","targetHints":{"allow":["GET"]}}],"collection":[{"href":"https:\/\/www.cner.cz\/en\/wp-json\/wp\/v2\/posts"}],"about":[{"href":"https:\/\/www.cner.cz\/en\/wp-json\/wp\/v2\/types\/post"}],"author":[{"embeddable":true,"href":"https:\/\/www.cner.cz\/en\/wp-json\/wp\/v2\/users\/2"}],"replies":[{"embeddable":true,"href":"https:\/\/www.cner.cz\/en\/wp-json\/wp\/v2\/comments?post=332"}],"version-history":[{"count":2,"href":"https:\/\/www.cner.cz\/en\/wp-json\/wp\/v2\/posts\/332\/revisions"}],"predecessor-version":[{"id":385,"href":"https:\/\/www.cner.cz\/en\/wp-json\/wp\/v2\/posts\/332\/revisions\/385"}],"wp:featuredmedia":[{"embeddable":true,"href":"https:\/\/www.cner.cz\/en\/wp-json\/wp\/v2\/media\/333"}],"wp:attachment":[{"href":"https:\/\/www.cner.cz\/en\/wp-json\/wp\/v2\/media?parent=332"}],"wp:term":[{"taxonomy":"category","embeddable":true,"href":"https:\/\/www.cner.cz\/en\/wp-json\/wp\/v2\/categories?post=332"},{"taxonomy":"post_tag","embeddable":true,"href":"https:\/\/www.cner.cz\/en\/wp-json\/wp\/v2\/tags?post=332"}],"curies":[{"name":"wp","href":"https:\/\/api.w.org\/{rel}","templated":true}]}}