{"id":4148,"date":"2023-02-22T21:33:29","date_gmt":"2023-02-22T20:33:29","guid":{"rendered":"https:\/\/www.cner.cz\/?p=4148"},"modified":"2023-02-22T21:40:16","modified_gmt":"2023-02-22T20:40:16","slug":"svetova-rallye-elektromobilu-opet-s-centrem-v-ceskem-krumlove","status":"publish","type":"post","link":"https:\/\/www.cner.cz\/en\/2023\/02\/22\/svetova-rallye-elektromobilu-opet-s-centrem-v-ceskem-krumlove\/","title":{"rendered":"<strong>Sv\u011btov\u00e1 rallye elektromobil\u016f op\u011bt s\u00a0centrem v\u00a0\u010cesk\u00e9m Krumlov\u011b<\/strong>"},"content":{"rendered":"\n<p>Pr\u016fkopnick\u00e1 sout\u011b\u017e v&nbsp;rallye pravidelnosti voz\u016f s&nbsp;alternativn\u00edmi druhy pohonu za\u010dne svou druhou dek\u00e1du v&nbsp;netradi\u010dn\u00edm term\u00ednu. Akce, jej\u00ed\u017e historie se za\u010dala ps\u00e1t v&nbsp;roce 2012, kdy se stala sou\u010d\u00e1st\u00ed doprovodn\u00e9ho programu 40. ro\u010dn\u00edku Rallye \u010cesk\u00fd Krumlov, je dnes u\u017e st\u00e1lic\u00ed v&nbsp;kalend\u00e1\u0159i sv\u011btov\u00e9ho poh\u00e1ru elektromobil\u016f pod hlavi\u010dkou Mezin\u00e1rodn\u00ed automobilov\u00e9 federace. Titul\u00e1rn\u00edm partnerem Czech New Energies Rallye, konan\u00e9 letos ve dnech 24. a 25. b\u0159ezna, bude op\u011bt Skupina \u010cEZ.<\/p>\n\n\n\n<p><strong>11. \u010cEZ Czech New Energies Rallye<\/strong>, t\u0159et\u00ed podnik mezin\u00e1rodn\u00edho seri\u00e1lu FIA ecoRally Cup 2023, bude \u010d\u00e1ste\u010dn\u011b kop\u00edrovat lo\u0148sk\u00fd form\u00e1t, kdy slavnostn\u00ed start op\u011bt p\u0159iv\u00edt\u00e1 Jadern\u00e1 elektr\u00e1rna Temel\u00edn. Prvn\u00ed pos\u00e1dka vyraz\u00ed na t\u00e9m\u011b\u0159 500 kilometr\u016f dlouhou tra\u0165 od z\u00e1me\u010dku Vysok\u00fd Hr\u00e1dek sm\u011brem do \u010cesk\u00e9ho Krumlova v&nbsp;p\u00e1tek 24. b\u0159ezna ve 13 hodin. D\u00edky zhu\u0161t\u011bn\u00e9mu programu \u010dek\u00e1 \u00fa\u010dastn\u00edky po nab\u00edjen\u00ed na parkovi\u0161ti P2 Pod po\u0161tou a ve\u010de\u0159i v&nbsp;centru m\u011bsta atraktivn\u00ed no\u010dn\u00ed etapa.<\/p>\n\n\n\n<p>Sobotn\u00ed trasa zavede elektromobilisty na Lipensko, aby se po ob\u011bdov\u00e9 pauze v&nbsp;Hotel Resortu Relax vr\u00e1tili do c\u00edle na krumlovsk\u00e9m n\u00e1m\u011bst\u00ed Svornosti. Tam v&nbsp;r\u00e1mci sout\u011b\u017ee prob\u011bhne odpoledn\u00ed akce organizovan\u00e1 ve spolupr\u00e1ci s&nbsp;M\u011bstem \u010cesk\u00fd Krumlov, zam\u011b\u0159en\u00e1 na modern\u00ed technologie, kter\u00e9 \u010d\u00edm d\u00e1l v\u00edce promlouvaj\u00ed do na\u0161eho b\u011b\u017en\u00e9ho \u017eivota. Jiho\u010desk\u00e1 ecorallye vyvrchol\u00ed vyhl\u00e1\u0161en\u00edm v\u00edt\u011bz\u016f v&nbsp;reprezentativn\u00edch prostor\u00e1ch Prelatury.<\/p>\n\n\n\n<p>Dal\u0161\u00ed informace k\u00a011. \u010cEZ Czech New Energies Rallye se budou pr\u016fb\u011b\u017en\u011b objevovat na webov\u00fdch str\u00e1nk\u00e1ch <a href=\"http:\/\/www.cner.cz\">www.cner.cz<\/a>. Z\u00e1jemci o \u00fa\u010dast u\u017e tam v\u00a0t\u011bchto dnech nalezou jak <a href=\"https:\/\/www.cner.cz\/propozice-2023\/\"><strong>propozice<\/strong><\/a> sout\u011b\u017ee, tak i elektronickou <a href=\"https:\/\/www.cner.cz\/prihlaska\/\"><strong>p\u0159ihl\u00e1\u0161ku<\/strong><\/a>.<\/p>\n","protected":false},"excerpt":{"rendered":"<p>Pr\u016fkopnick\u00e1 sout\u011b\u017e v&nbsp;rallye pravidelnosti voz\u016f s&nbsp;alternativn\u00edmi druhy pohonu za\u010dne svou druhou dek\u00e1du v&nbsp;netradi\u010dn\u00edm term\u00ednu. Akce, jej\u00ed\u017e historie se za\u010dala ps\u00e1t v&nbsp;roce 2012, kdy se stala sou\u010d\u00e1st\u00ed doprovodn\u00e9ho programu 40. ro\u010dn\u00edku Rallye \u010cesk\u00fd Krumlov, je dnes u\u017e st\u00e1lic\u00ed v&nbsp;kalend\u00e1\u0159i sv\u011btov\u00e9ho poh\u00e1ru elektromobil\u016f pod hlavi\u010dkou Mezin\u00e1rodn\u00ed automobilov\u00e9 federace. Titul\u00e1rn\u00edm partnerem Czech New Energies Rallye, konan\u00e9 letos ve [&hellip;]<\/p>\n","protected":false},"author":2,"featured_media":4149,"comment_status":"open","ping_status":"open","sticky":false,"template":"","format":"standard","meta":{"_acf_changed":false,"ngg_post_thumbnail":0,"footnotes":""},"categories":[4],"tags":[],"class_list":["post-4148","post","type-post","status-publish","format-standard","has-post-thumbnail","hentry","category-aktuality"],"acf":[],"yoast_head":"<!-- This site is optimized with the Yoast SEO plugin v27.3 - https:\/\/yoast.com\/product\/yoast-seo-wordpress\/ -->\n<title>Sv\u011btov\u00e1 rallye elektromobil\u016f op\u011bt s\u00a0centrem v\u00a0\u010cesk\u00e9m Krumlov\u011b - \u010cEZ Czech New Energies Rallye<\/title>\n<meta name=\"robots\" content=\"index, follow, max-snippet:-1, max-image-preview:large, max-video-preview:-1\" \/>\n<link rel=\"canonical\" href=\"https:\/\/www.cner.cz\/2023\/02\/22\/svetova-rallye-elektromobilu-opet-s-centrem-v-ceskem-krumlove\/\" \/>\n<meta property=\"og:locale\" content=\"en_US\" \/>\n<meta property=\"og:type\" content=\"article\" \/>\n<meta property=\"og:title\" content=\"Sv\u011btov\u00e1 rallye elektromobil\u016f op\u011bt s\u00a0centrem v\u00a0\u010cesk\u00e9m Krumlov\u011b - \u010cEZ Czech New Energies Rallye\" \/>\n<meta property=\"og:description\" content=\"Pr\u016fkopnick\u00e1 sout\u011b\u017e v&nbsp;rallye pravidelnosti voz\u016f s&nbsp;alternativn\u00edmi druhy pohonu za\u010dne svou druhou dek\u00e1du v&nbsp;netradi\u010dn\u00edm term\u00ednu. Akce, jej\u00ed\u017e historie se za\u010dala ps\u00e1t v&nbsp;roce 2012, kdy se stala sou\u010d\u00e1st\u00ed doprovodn\u00e9ho programu 40. ro\u010dn\u00edku Rallye \u010cesk\u00fd Krumlov, je dnes u\u017e st\u00e1lic\u00ed v&nbsp;kalend\u00e1\u0159i sv\u011btov\u00e9ho poh\u00e1ru elektromobil\u016f pod hlavi\u010dkou Mezin\u00e1rodn\u00ed automobilov\u00e9 federace. Titul\u00e1rn\u00edm partnerem Czech New Energies Rallye, konan\u00e9 letos ve [&hellip;]\" \/>\n<meta property=\"og:url\" content=\"https:\/\/www.cner.cz\/2023\/02\/22\/svetova-rallye-elektromobilu-opet-s-centrem-v-ceskem-krumlove\/\" \/>\n<meta property=\"og:site_name\" content=\"\u010cEZ Czech New Energies Rallye\" \/>\n<meta property=\"article:publisher\" content=\"https:\/\/www.facebook.com\/NewEnergiesRallye\/\" \/>\n<meta property=\"article:author\" content=\"pavel.kacerovsky\" \/>\n<meta property=\"article:published_time\" content=\"2023-02-22T20:33:29+00:00\" \/>\n<meta property=\"article:modified_time\" content=\"2023-02-22T20:40:16+00:00\" \/>\n<meta property=\"og:image\" content=\"https:\/\/www.cner.cz\/wp-content\/uploads\/2023\/02\/cner2023_pozvanka.jpg\" \/>\n\t<meta property=\"og:image:width\" content=\"1600\" \/>\n\t<meta property=\"og:image:height\" content=\"1067\" \/>\n\t<meta property=\"og:image:type\" content=\"image\/jpeg\" \/>\n<meta name=\"author\" content=\"Pavel Kacerovsk\u00fd\" \/>\n<meta name=\"twitter:card\" content=\"summary_large_image\" \/>\n<meta name=\"twitter:creator\" content=\"@PavKac\" \/>\n<meta name=\"twitter:label1\" content=\"Written by\" \/>\n\t<meta name=\"twitter:data1\" content=\"Pavel Kacerovsk\u00fd\" \/>\n\t<meta name=\"twitter:label2\" content=\"Est. reading time\" \/>\n\t<meta name=\"twitter:data2\" content=\"2 minutes\" \/>\n<script type=\"application\/ld+json\" class=\"yoast-schema-graph\">{\"@context\":\"https:\\\/\\\/schema.org\",\"@graph\":[{\"@type\":\"Article\",\"@id\":\"https:\\\/\\\/www.cner.cz\\\/2023\\\/02\\\/22\\\/svetova-rallye-elektromobilu-opet-s-centrem-v-ceskem-krumlove\\\/#article\",\"isPartOf\":{\"@id\":\"https:\\\/\\\/www.cner.cz\\\/2023\\\/02\\\/22\\\/svetova-rallye-elektromobilu-opet-s-centrem-v-ceskem-krumlove\\\/\"},\"author\":{\"name\":\"Pavel Kacerovsk\u00fd\",\"@id\":\"https:\\\/\\\/www.cner.cz\\\/#\\\/schema\\\/person\\\/6190b99819da7377d66768f7ff0ffd53\"},\"headline\":\"Sv\u011btov\u00e1 rallye elektromobil\u016f op\u011bt s\u00a0centrem v\u00a0\u010cesk\u00e9m Krumlov\u011b\",\"datePublished\":\"2023-02-22T20:33:29+00:00\",\"dateModified\":\"2023-02-22T20:40:16+00:00\",\"mainEntityOfPage\":{\"@id\":\"https:\\\/\\\/www.cner.cz\\\/2023\\\/02\\\/22\\\/svetova-rallye-elektromobilu-opet-s-centrem-v-ceskem-krumlove\\\/\"},\"wordCount\":338,\"commentCount\":0,\"image\":{\"@id\":\"https:\\\/\\\/www.cner.cz\\\/2023\\\/02\\\/22\\\/svetova-rallye-elektromobilu-opet-s-centrem-v-ceskem-krumlove\\\/#primaryimage\"},\"thumbnailUrl\":\"https:\\\/\\\/www.cner.cz\\\/wp-content\\\/uploads\\\/2023\\\/02\\\/cner2023_pozvanka.jpg\",\"articleSection\":[\"Aktuality\"],\"inLanguage\":\"en-US\",\"potentialAction\":[{\"@type\":\"CommentAction\",\"name\":\"Comment\",\"target\":[\"https:\\\/\\\/www.cner.cz\\\/2023\\\/02\\\/22\\\/svetova-rallye-elektromobilu-opet-s-centrem-v-ceskem-krumlove\\\/#respond\"]}]},{\"@type\":\"WebPage\",\"@id\":\"https:\\\/\\\/www.cner.cz\\\/2023\\\/02\\\/22\\\/svetova-rallye-elektromobilu-opet-s-centrem-v-ceskem-krumlove\\\/\",\"url\":\"https:\\\/\\\/www.cner.cz\\\/2023\\\/02\\\/22\\\/svetova-rallye-elektromobilu-opet-s-centrem-v-ceskem-krumlove\\\/\",\"name\":\"Sv\u011btov\u00e1 rallye elektromobil\u016f op\u011bt s\u00a0centrem v\u00a0\u010cesk\u00e9m Krumlov\u011b - \u010cEZ Czech New Energies Rallye\",\"isPartOf\":{\"@id\":\"https:\\\/\\\/www.cner.cz\\\/#website\"},\"primaryImageOfPage\":{\"@id\":\"https:\\\/\\\/www.cner.cz\\\/2023\\\/02\\\/22\\\/svetova-rallye-elektromobilu-opet-s-centrem-v-ceskem-krumlove\\\/#primaryimage\"},\"image\":{\"@id\":\"https:\\\/\\\/www.cner.cz\\\/2023\\\/02\\\/22\\\/svetova-rallye-elektromobilu-opet-s-centrem-v-ceskem-krumlove\\\/#primaryimage\"},\"thumbnailUrl\":\"https:\\\/\\\/www.cner.cz\\\/wp-content\\\/uploads\\\/2023\\\/02\\\/cner2023_pozvanka.jpg\",\"datePublished\":\"2023-02-22T20:33:29+00:00\",\"dateModified\":\"2023-02-22T20:40:16+00:00\",\"author\":{\"@id\":\"https:\\\/\\\/www.cner.cz\\\/#\\\/schema\\\/person\\\/6190b99819da7377d66768f7ff0ffd53\"},\"breadcrumb\":{\"@id\":\"https:\\\/\\\/www.cner.cz\\\/2023\\\/02\\\/22\\\/svetova-rallye-elektromobilu-opet-s-centrem-v-ceskem-krumlove\\\/#breadcrumb\"},\"inLanguage\":\"en-US\",\"potentialAction\":[{\"@type\":\"ReadAction\",\"target\":[\"https:\\\/\\\/www.cner.cz\\\/2023\\\/02\\\/22\\\/svetova-rallye-elektromobilu-opet-s-centrem-v-ceskem-krumlove\\\/\"]}]},{\"@type\":\"ImageObject\",\"inLanguage\":\"en-US\",\"@id\":\"https:\\\/\\\/www.cner.cz\\\/2023\\\/02\\\/22\\\/svetova-rallye-elektromobilu-opet-s-centrem-v-ceskem-krumlove\\\/#primaryimage\",\"url\":\"https:\\\/\\\/www.cner.cz\\\/wp-content\\\/uploads\\\/2023\\\/02\\\/cner2023_pozvanka.jpg\",\"contentUrl\":\"https:\\\/\\\/www.cner.cz\\\/wp-content\\\/uploads\\\/2023\\\/02\\\/cner2023_pozvanka.jpg\",\"width\":1600,\"height\":1067},{\"@type\":\"BreadcrumbList\",\"@id\":\"https:\\\/\\\/www.cner.cz\\\/2023\\\/02\\\/22\\\/svetova-rallye-elektromobilu-opet-s-centrem-v-ceskem-krumlove\\\/#breadcrumb\",\"itemListElement\":[{\"@type\":\"ListItem\",\"position\":1,\"name\":\"Dom\u016f\",\"item\":\"https:\\\/\\\/www.cner.cz\\\/\"},{\"@type\":\"ListItem\",\"position\":2,\"name\":\"Sv\u011btov\u00e1 rallye elektromobil\u016f op\u011bt s\u00a0centrem v\u00a0\u010cesk\u00e9m Krumlov\u011b\"}]},{\"@type\":\"WebSite\",\"@id\":\"https:\\\/\\\/www.cner.cz\\\/#website\",\"url\":\"https:\\\/\\\/www.cner.cz\\\/\",\"name\":\"\u010cEZ Czech New Energies Rallye\",\"description\":\"\u010cEZ Czech New Energies Rallye\",\"potentialAction\":[{\"@type\":\"SearchAction\",\"target\":{\"@type\":\"EntryPoint\",\"urlTemplate\":\"https:\\\/\\\/www.cner.cz\\\/?s={search_term_string}\"},\"query-input\":{\"@type\":\"PropertyValueSpecification\",\"valueRequired\":true,\"valueName\":\"search_term_string\"}}],\"inLanguage\":\"en-US\"},{\"@type\":\"Person\",\"@id\":\"https:\\\/\\\/www.cner.cz\\\/#\\\/schema\\\/person\\\/6190b99819da7377d66768f7ff0ffd53\",\"name\":\"Pavel Kacerovsk\u00fd\",\"image\":{\"@type\":\"ImageObject\",\"inLanguage\":\"en-US\",\"@id\":\"https:\\\/\\\/secure.gravatar.com\\\/avatar\\\/f96c2ff6621ff743bc952660594123e03b9f87637dc4114505e8de6bf2112c65?s=96&d=mm&r=g\",\"url\":\"https:\\\/\\\/secure.gravatar.com\\\/avatar\\\/f96c2ff6621ff743bc952660594123e03b9f87637dc4114505e8de6bf2112c65?s=96&d=mm&r=g\",\"contentUrl\":\"https:\\\/\\\/secure.gravatar.com\\\/avatar\\\/f96c2ff6621ff743bc952660594123e03b9f87637dc4114505e8de6bf2112c65?s=96&d=mm&r=g\",\"caption\":\"Pavel Kacerovsk\u00fd\"},\"sameAs\":[\"http:\\\/\\\/www.ckmotorsport.cz\",\"pavel.kacerovsky\",\"https:\\\/\\\/x.com\\\/PavKac\"],\"url\":\"https:\\\/\\\/www.cner.cz\\\/en\\\/author\\\/pavel\\\/\"}]}<\/script>\n<!-- \/ Yoast SEO plugin. -->","yoast_head_json":{"title":"Sv\u011btov\u00e1 rallye elektromobil\u016f op\u011bt s\u00a0centrem v\u00a0\u010cesk\u00e9m Krumlov\u011b - \u010cEZ Czech New Energies Rallye","robots":{"index":"index","follow":"follow","max-snippet":"max-snippet:-1","max-image-preview":"max-image-preview:large","max-video-preview":"max-video-preview:-1"},"canonical":"https:\/\/www.cner.cz\/2023\/02\/22\/svetova-rallye-elektromobilu-opet-s-centrem-v-ceskem-krumlove\/","og_locale":"en_US","og_type":"article","og_title":"Sv\u011btov\u00e1 rallye elektromobil\u016f op\u011bt s\u00a0centrem v\u00a0\u010cesk\u00e9m Krumlov\u011b - \u010cEZ Czech New Energies Rallye","og_description":"Pr\u016fkopnick\u00e1 sout\u011b\u017e v&nbsp;rallye pravidelnosti voz\u016f s&nbsp;alternativn\u00edmi druhy pohonu za\u010dne svou druhou dek\u00e1du v&nbsp;netradi\u010dn\u00edm term\u00ednu. Akce, jej\u00ed\u017e historie se za\u010dala ps\u00e1t v&nbsp;roce 2012, kdy se stala sou\u010d\u00e1st\u00ed doprovodn\u00e9ho programu 40. ro\u010dn\u00edku Rallye \u010cesk\u00fd Krumlov, je dnes u\u017e st\u00e1lic\u00ed v&nbsp;kalend\u00e1\u0159i sv\u011btov\u00e9ho poh\u00e1ru elektromobil\u016f pod hlavi\u010dkou Mezin\u00e1rodn\u00ed automobilov\u00e9 federace. Titul\u00e1rn\u00edm partnerem Czech New Energies Rallye, konan\u00e9 letos ve [&hellip;]","og_url":"https:\/\/www.cner.cz\/2023\/02\/22\/svetova-rallye-elektromobilu-opet-s-centrem-v-ceskem-krumlove\/","og_site_name":"\u010cEZ Czech New Energies Rallye","article_publisher":"https:\/\/www.facebook.com\/NewEnergiesRallye\/","article_author":"pavel.kacerovsky","article_published_time":"2023-02-22T20:33:29+00:00","article_modified_time":"2023-02-22T20:40:16+00:00","og_image":[{"width":1600,"height":1067,"url":"https:\/\/www.cner.cz\/wp-content\/uploads\/2023\/02\/cner2023_pozvanka.jpg","type":"image\/jpeg"}],"author":"Pavel Kacerovsk\u00fd","twitter_card":"summary_large_image","twitter_creator":"@PavKac","twitter_misc":{"Written by":"Pavel Kacerovsk\u00fd","Est. reading time":"2 minutes"},"schema":{"@context":"https:\/\/schema.org","@graph":[{"@type":"Article","@id":"https:\/\/www.cner.cz\/2023\/02\/22\/svetova-rallye-elektromobilu-opet-s-centrem-v-ceskem-krumlove\/#article","isPartOf":{"@id":"https:\/\/www.cner.cz\/2023\/02\/22\/svetova-rallye-elektromobilu-opet-s-centrem-v-ceskem-krumlove\/"},"author":{"name":"Pavel Kacerovsk\u00fd","@id":"https:\/\/www.cner.cz\/#\/schema\/person\/6190b99819da7377d66768f7ff0ffd53"},"headline":"Sv\u011btov\u00e1 rallye elektromobil\u016f op\u011bt s\u00a0centrem v\u00a0\u010cesk\u00e9m Krumlov\u011b","datePublished":"2023-02-22T20:33:29+00:00","dateModified":"2023-02-22T20:40:16+00:00","mainEntityOfPage":{"@id":"https:\/\/www.cner.cz\/2023\/02\/22\/svetova-rallye-elektromobilu-opet-s-centrem-v-ceskem-krumlove\/"},"wordCount":338,"commentCount":0,"image":{"@id":"https:\/\/www.cner.cz\/2023\/02\/22\/svetova-rallye-elektromobilu-opet-s-centrem-v-ceskem-krumlove\/#primaryimage"},"thumbnailUrl":"https:\/\/www.cner.cz\/wp-content\/uploads\/2023\/02\/cner2023_pozvanka.jpg","articleSection":["Aktuality"],"inLanguage":"en-US","potentialAction":[{"@type":"CommentAction","name":"Comment","target":["https:\/\/www.cner.cz\/2023\/02\/22\/svetova-rallye-elektromobilu-opet-s-centrem-v-ceskem-krumlove\/#respond"]}]},{"@type":"WebPage","@id":"https:\/\/www.cner.cz\/2023\/02\/22\/svetova-rallye-elektromobilu-opet-s-centrem-v-ceskem-krumlove\/","url":"https:\/\/www.cner.cz\/2023\/02\/22\/svetova-rallye-elektromobilu-opet-s-centrem-v-ceskem-krumlove\/","name":"Sv\u011btov\u00e1 rallye elektromobil\u016f op\u011bt s\u00a0centrem v\u00a0\u010cesk\u00e9m Krumlov\u011b - \u010cEZ Czech New Energies Rallye","isPartOf":{"@id":"https:\/\/www.cner.cz\/#website"},"primaryImageOfPage":{"@id":"https:\/\/www.cner.cz\/2023\/02\/22\/svetova-rallye-elektromobilu-opet-s-centrem-v-ceskem-krumlove\/#primaryimage"},"image":{"@id":"https:\/\/www.cner.cz\/2023\/02\/22\/svetova-rallye-elektromobilu-opet-s-centrem-v-ceskem-krumlove\/#primaryimage"},"thumbnailUrl":"https:\/\/www.cner.cz\/wp-content\/uploads\/2023\/02\/cner2023_pozvanka.jpg","datePublished":"2023-02-22T20:33:29+00:00","dateModified":"2023-02-22T20:40:16+00:00","author":{"@id":"https:\/\/www.cner.cz\/#\/schema\/person\/6190b99819da7377d66768f7ff0ffd53"},"breadcrumb":{"@id":"https:\/\/www.cner.cz\/2023\/02\/22\/svetova-rallye-elektromobilu-opet-s-centrem-v-ceskem-krumlove\/#breadcrumb"},"inLanguage":"en-US","potentialAction":[{"@type":"ReadAction","target":["https:\/\/www.cner.cz\/2023\/02\/22\/svetova-rallye-elektromobilu-opet-s-centrem-v-ceskem-krumlove\/"]}]},{"@type":"ImageObject","inLanguage":"en-US","@id":"https:\/\/www.cner.cz\/2023\/02\/22\/svetova-rallye-elektromobilu-opet-s-centrem-v-ceskem-krumlove\/#primaryimage","url":"https:\/\/www.cner.cz\/wp-content\/uploads\/2023\/02\/cner2023_pozvanka.jpg","contentUrl":"https:\/\/www.cner.cz\/wp-content\/uploads\/2023\/02\/cner2023_pozvanka.jpg","width":1600,"height":1067},{"@type":"BreadcrumbList","@id":"https:\/\/www.cner.cz\/2023\/02\/22\/svetova-rallye-elektromobilu-opet-s-centrem-v-ceskem-krumlove\/#breadcrumb","itemListElement":[{"@type":"ListItem","position":1,"name":"Dom\u016f","item":"https:\/\/www.cner.cz\/"},{"@type":"ListItem","position":2,"name":"Sv\u011btov\u00e1 rallye elektromobil\u016f op\u011bt s\u00a0centrem v\u00a0\u010cesk\u00e9m Krumlov\u011b"}]},{"@type":"WebSite","@id":"https:\/\/www.cner.cz\/#website","url":"https:\/\/www.cner.cz\/","name":"\u010cEZ Czech New Energies Rallye","description":"\u010cEZ Czech New Energies Rallye","potentialAction":[{"@type":"SearchAction","target":{"@type":"EntryPoint","urlTemplate":"https:\/\/www.cner.cz\/?s={search_term_string}"},"query-input":{"@type":"PropertyValueSpecification","valueRequired":true,"valueName":"search_term_string"}}],"inLanguage":"en-US"},{"@type":"Person","@id":"https:\/\/www.cner.cz\/#\/schema\/person\/6190b99819da7377d66768f7ff0ffd53","name":"Pavel Kacerovsk\u00fd","image":{"@type":"ImageObject","inLanguage":"en-US","@id":"https:\/\/secure.gravatar.com\/avatar\/f96c2ff6621ff743bc952660594123e03b9f87637dc4114505e8de6bf2112c65?s=96&d=mm&r=g","url":"https:\/\/secure.gravatar.com\/avatar\/f96c2ff6621ff743bc952660594123e03b9f87637dc4114505e8de6bf2112c65?s=96&d=mm&r=g","contentUrl":"https:\/\/secure.gravatar.com\/avatar\/f96c2ff6621ff743bc952660594123e03b9f87637dc4114505e8de6bf2112c65?s=96&d=mm&r=g","caption":"Pavel Kacerovsk\u00fd"},"sameAs":["http:\/\/www.ckmotorsport.cz","pavel.kacerovsky","https:\/\/x.com\/PavKac"],"url":"https:\/\/www.cner.cz\/en\/author\/pavel\/"}]}},"_links":{"self":[{"href":"https:\/\/www.cner.cz\/en\/wp-json\/wp\/v2\/posts\/4148","targetHints":{"allow":["GET"]}}],"collection":[{"href":"https:\/\/www.cner.cz\/en\/wp-json\/wp\/v2\/posts"}],"about":[{"href":"https:\/\/www.cner.cz\/en\/wp-json\/wp\/v2\/types\/post"}],"author":[{"embeddable":true,"href":"https:\/\/www.cner.cz\/en\/wp-json\/wp\/v2\/users\/2"}],"replies":[{"embeddable":true,"href":"https:\/\/www.cner.cz\/en\/wp-json\/wp\/v2\/comments?post=4148"}],"version-history":[{"count":2,"href":"https:\/\/www.cner.cz\/en\/wp-json\/wp\/v2\/posts\/4148\/revisions"}],"predecessor-version":[{"id":4151,"href":"https:\/\/www.cner.cz\/en\/wp-json\/wp\/v2\/posts\/4148\/revisions\/4151"}],"wp:featuredmedia":[{"embeddable":true,"href":"https:\/\/www.cner.cz\/en\/wp-json\/wp\/v2\/media\/4149"}],"wp:attachment":[{"href":"https:\/\/www.cner.cz\/en\/wp-json\/wp\/v2\/media?parent=4148"}],"wp:term":[{"taxonomy":"category","embeddable":true,"href":"https:\/\/www.cner.cz\/en\/wp-json\/wp\/v2\/categories?post=4148"},{"taxonomy":"post_tag","embeddable":true,"href":"https:\/\/www.cner.cz\/en\/wp-json\/wp\/v2\/tags?post=4148"}],"curies":[{"name":"wp","href":"https:\/\/api.w.org\/{rel}","templated":true}]}}