{"id":4228,"date":"2023-03-22T21:54:47","date_gmt":"2023-03-22T20:54:47","guid":{"rendered":"https:\/\/www.cner.cz\/?p=4228"},"modified":"2023-03-22T21:54:49","modified_gmt":"2023-03-22T20:54:49","slug":"nabijeni-elektromobilu-pod-taktovkou-profesionalu","status":"publish","type":"post","link":"https:\/\/www.cner.cz\/en\/2023\/03\/22\/nabijeni-elektromobilu-pod-taktovkou-profesionalu\/","title":{"rendered":"<strong>Nab\u00edjen\u00ed elektromobil\u016f pod taktovkou profesion\u00e1l\u016f<\/strong>"},"content":{"rendered":"\n<p>\u010ceskou Trophy v&nbsp;ecoRally v\u00fdznamn\u011b podporuj\u00ed dv\u011b firmy. Bez jejich zapojen\u00ed by z\u00e1vodn\u00edci nenabili svoje elektromobily.<\/p>\n\n\n\n<p><strong>Phoenix Contact<\/strong> \u2013 dodavatel komponent pou\u017eit\u00fdch ve wallboxech, a <strong>Elexim<\/strong> \u2013 v\u00fdrobce nab\u00edjec\u00edch stanic zna\u010dky <strong>MyBox<\/strong>. Jejich propojen\u00ed je p\u0159\u00edkladem vz\u00e1jemn\u00e9 spolupr\u00e1ce a p\u0159irozen\u00e9 d\u016fv\u011bry.<\/p>\n\n\n\n<p>Jak d\u016fle\u017eit\u00e1 je role dodavatele komponent, firmy <strong>Phoenix Contact<\/strong>, pro sestaven\u00ed nab\u00edjec\u00ed stanice <strong>MyBox<\/strong>?<\/p>\n\n\n\n<p><strong>Radim Ro\u010dek<\/strong>, obchodn\u00ed a marketingov\u00fd \u0159editel: \u201e<em>Pro n\u00e1s, v\u00fdrobce komponent, jsou kl\u00ed\u010dov\u00e9 t\u0159i v\u011bci, kter\u00e9 na\u0161e komponenty maj\u00ed: \u00fasporn\u00e1 velikost, mo\u017enost flexibiln\u00edho roz\u0161i\u0159ov\u00e1n\u00ed funkcionalit a p\u0159edev\u0161\u00edm technologie umo\u017e\u0148uj\u00edc\u00ed nap\u0159\u00edklad komfortn\u00ed spu\u0161t\u011bn\u00ed nab\u00edjen\u00ed pouh\u00fdm zasunut\u00edm nab\u00edjec\u00edho konektoru (Plug &amp; Charge) a tak\u00e9 umo\u017e\u0148uj\u00edc\u00ed, aby elektromobil dod\u00e1val energii napojen\u00e9mu objektu (Vehicle 2 Grid), co\u017e nemus\u00ed b\u00fdt jen automobil. A v&nbsp;neposledn\u00ed \u0159ad\u011b i kvalita renomovan\u00e9ho evropsk\u00e9ho v\u00fdrobce. \u010c\u00edm d\u00e1l v\u011bt\u0161\u00ed v\u00fdznam maj\u00ed tak\u00e9 mo\u017enosti propojen\u00ed na\u0161ich komponent s&nbsp;\u0159\u00edzen\u00edm fotovoltaick\u00e9 elektr\u00e1rny nebo \u00falo\u017ei\u0161t\u011b energie.<\/em>\u201c<\/p>\n\n\n\n<p>Bez spole\u010dnosti <strong>Elexim<\/strong> by nab\u00edjec\u00ed stanice nevznikla.<\/p>\n\n\n\n<p><strong>Jind\u0159ich Geisler<\/strong>, \u0159editel spole\u010dnosti: \u201e<em>D\u00edky mnohalet\u00fdm zku\u0161enostem v&nbsp;oblasti elektromobility a v&nbsp;oblasti nab\u00edjen\u00ed spl\u0148uj\u00ed n\u00e1mi vyr\u00e1b\u011bn\u00e9 nab\u00edjec\u00ed stanice <strong>MyBox<\/strong> nejvy\u0161\u0161\u00ed po\u017eadavky na kvalitu, odolnost a udr\u017eitelnost. Jejich v\u00fdroba prob\u00edh\u00e1 v&nbsp;\u010cesk\u00e9 republice, a to jen z&nbsp;komponent\u016f od renomovan\u00fdch evropsk\u00fdch v\u00fdrobc\u016f. Tak\u00e9 d\u00edky vlastn\u00edmu v\u00fdvoji stanic a cloudov\u00e9ho \u0159e\u0161en\u00ed m\u016f\u017eeme pru\u017en\u011b reagovat na aktu\u00e1ln\u00ed pot\u0159eby z\u00e1kazn\u00edk\u016f a trhu. Odoln\u00e1 konstrukce, d\u016fraz na design a nejmodern\u011bj\u0161\u00ed technologie. Na t\u011bchto pil\u00ed\u0159\u00edch stoj\u00ed \u010desk\u00e9 nab\u00edjec\u00ed stanice <strong>MyBox<\/strong>, kter\u00e9 se staly sou\u010d\u00e1st\u00ed dne\u0161n\u00edho automobilov\u00e9ho sv\u011bta a elektromobility. Na\u0161e produktov\u00e9 portfolio vyhov\u00ed v\u0161em po\u017eadavk\u016fm na zaji\u0161t\u011bn\u00ed plnohodnotn\u00e9ho z\u00e1zem\u00ed pro dob\u00edjen\u00ed elektromobil\u016f.<\/em> <em>Fleety, firemn\u00ed are\u00e1ly, ve\u0159ejn\u00e9 prostory, dom\u00e1cnosti \u2013 sv\u00e9 m\u00edsto si najdou kdekoliv.\u201c<\/em><\/p>\n\n\n\n<p>D\u00edky wallbox\u016fm <strong>MyBox<\/strong> budou moci z\u00e1vodn\u00edci spolehliv\u011b nab\u00edjet svoje elektromobily na v\u0161ech z\u00e1vodech \u010desk\u00e9ho poh\u00e1ru <strong>PHOENIX CONTACT ecoRALLY CUP<\/strong>. V\u0161em \u00fa\u010dastn\u00edk\u016fm \u0161ampion\u00e1tu p\u0159ejeme pln\u00e9 nabit\u00ed i bezpe\u010dn\u00e9 kilometry.<\/p>\n","protected":false},"excerpt":{"rendered":"<p>\u010ceskou Trophy v&nbsp;ecoRally v\u00fdznamn\u011b podporuj\u00ed dv\u011b firmy. Bez jejich zapojen\u00ed by z\u00e1vodn\u00edci nenabili svoje elektromobily. Phoenix Contact \u2013 dodavatel komponent pou\u017eit\u00fdch ve wallboxech, a Elexim \u2013 v\u00fdrobce nab\u00edjec\u00edch stanic zna\u010dky MyBox. Jejich propojen\u00ed je p\u0159\u00edkladem vz\u00e1jemn\u00e9 spolupr\u00e1ce a p\u0159irozen\u00e9 d\u016fv\u011bry. Jak d\u016fle\u017eit\u00e1 je role dodavatele komponent, firmy Phoenix Contact, pro sestaven\u00ed nab\u00edjec\u00ed stanice MyBox? Radim [&hellip;]<\/p>\n","protected":false},"author":2,"featured_media":4229,"comment_status":"open","ping_status":"open","sticky":false,"template":"","format":"standard","meta":{"_acf_changed":false,"ngg_post_thumbnail":0,"footnotes":""},"categories":[4],"tags":[],"class_list":["post-4228","post","type-post","status-publish","format-standard","has-post-thumbnail","hentry","category-aktuality"],"acf":[],"yoast_head":"<!-- This site is optimized with the Yoast SEO plugin v27.3 - https:\/\/yoast.com\/product\/yoast-seo-wordpress\/ -->\n<title>Nab\u00edjen\u00ed elektromobil\u016f pod taktovkou profesion\u00e1l\u016f - \u010cEZ Czech New Energies Rallye<\/title>\n<meta name=\"robots\" content=\"index, follow, max-snippet:-1, max-image-preview:large, max-video-preview:-1\" \/>\n<link rel=\"canonical\" href=\"https:\/\/www.cner.cz\/2023\/03\/22\/nabijeni-elektromobilu-pod-taktovkou-profesionalu\/\" \/>\n<meta property=\"og:locale\" content=\"en_US\" \/>\n<meta property=\"og:type\" content=\"article\" \/>\n<meta property=\"og:title\" content=\"Nab\u00edjen\u00ed elektromobil\u016f pod taktovkou profesion\u00e1l\u016f - \u010cEZ Czech New Energies Rallye\" \/>\n<meta property=\"og:description\" content=\"\u010ceskou Trophy v&nbsp;ecoRally v\u00fdznamn\u011b podporuj\u00ed dv\u011b firmy. Bez jejich zapojen\u00ed by z\u00e1vodn\u00edci nenabili svoje elektromobily. Phoenix Contact \u2013 dodavatel komponent pou\u017eit\u00fdch ve wallboxech, a Elexim \u2013 v\u00fdrobce nab\u00edjec\u00edch stanic zna\u010dky MyBox. Jejich propojen\u00ed je p\u0159\u00edkladem vz\u00e1jemn\u00e9 spolupr\u00e1ce a p\u0159irozen\u00e9 d\u016fv\u011bry. Jak d\u016fle\u017eit\u00e1 je role dodavatele komponent, firmy Phoenix Contact, pro sestaven\u00ed nab\u00edjec\u00ed stanice MyBox? Radim [&hellip;]\" \/>\n<meta property=\"og:url\" content=\"https:\/\/www.cner.cz\/2023\/03\/22\/nabijeni-elektromobilu-pod-taktovkou-profesionalu\/\" \/>\n<meta property=\"og:site_name\" content=\"\u010cEZ Czech New Energies Rallye\" \/>\n<meta property=\"article:publisher\" content=\"https:\/\/www.facebook.com\/NewEnergiesRallye\/\" \/>\n<meta property=\"article:author\" content=\"pavel.kacerovsky\" \/>\n<meta property=\"article:published_time\" content=\"2023-03-22T20:54:47+00:00\" \/>\n<meta property=\"article:modified_time\" content=\"2023-03-22T20:54:49+00:00\" \/>\n<meta property=\"og:image\" content=\"https:\/\/www.cner.cz\/wp-content\/uploads\/2023\/03\/wallbox-mybox.jpg\" \/>\n\t<meta property=\"og:image:width\" content=\"2048\" \/>\n\t<meta property=\"og:image:height\" content=\"1363\" \/>\n\t<meta property=\"og:image:type\" content=\"image\/jpeg\" \/>\n<meta name=\"author\" content=\"Pavel Kacerovsk\u00fd\" \/>\n<meta name=\"twitter:card\" content=\"summary_large_image\" \/>\n<meta name=\"twitter:creator\" content=\"@PavKac\" \/>\n<meta name=\"twitter:label1\" content=\"Written by\" \/>\n\t<meta name=\"twitter:data1\" content=\"Pavel Kacerovsk\u00fd\" \/>\n\t<meta name=\"twitter:label2\" content=\"Est. reading time\" \/>\n\t<meta name=\"twitter:data2\" content=\"2 minutes\" \/>\n<script type=\"application\/ld+json\" class=\"yoast-schema-graph\">{\"@context\":\"https:\\\/\\\/schema.org\",\"@graph\":[{\"@type\":\"Article\",\"@id\":\"https:\\\/\\\/www.cner.cz\\\/2023\\\/03\\\/22\\\/nabijeni-elektromobilu-pod-taktovkou-profesionalu\\\/#article\",\"isPartOf\":{\"@id\":\"https:\\\/\\\/www.cner.cz\\\/2023\\\/03\\\/22\\\/nabijeni-elektromobilu-pod-taktovkou-profesionalu\\\/\"},\"author\":{\"name\":\"Pavel Kacerovsk\u00fd\",\"@id\":\"https:\\\/\\\/www.cner.cz\\\/#\\\/schema\\\/person\\\/6190b99819da7377d66768f7ff0ffd53\"},\"headline\":\"Nab\u00edjen\u00ed elektromobil\u016f pod taktovkou profesion\u00e1l\u016f\",\"datePublished\":\"2023-03-22T20:54:47+00:00\",\"dateModified\":\"2023-03-22T20:54:49+00:00\",\"mainEntityOfPage\":{\"@id\":\"https:\\\/\\\/www.cner.cz\\\/2023\\\/03\\\/22\\\/nabijeni-elektromobilu-pod-taktovkou-profesionalu\\\/\"},\"wordCount\":419,\"commentCount\":0,\"image\":{\"@id\":\"https:\\\/\\\/www.cner.cz\\\/2023\\\/03\\\/22\\\/nabijeni-elektromobilu-pod-taktovkou-profesionalu\\\/#primaryimage\"},\"thumbnailUrl\":\"https:\\\/\\\/www.cner.cz\\\/wp-content\\\/uploads\\\/2023\\\/03\\\/wallbox-mybox.jpg\",\"articleSection\":[\"Aktuality\"],\"inLanguage\":\"en-US\",\"potentialAction\":[{\"@type\":\"CommentAction\",\"name\":\"Comment\",\"target\":[\"https:\\\/\\\/www.cner.cz\\\/2023\\\/03\\\/22\\\/nabijeni-elektromobilu-pod-taktovkou-profesionalu\\\/#respond\"]}]},{\"@type\":\"WebPage\",\"@id\":\"https:\\\/\\\/www.cner.cz\\\/2023\\\/03\\\/22\\\/nabijeni-elektromobilu-pod-taktovkou-profesionalu\\\/\",\"url\":\"https:\\\/\\\/www.cner.cz\\\/2023\\\/03\\\/22\\\/nabijeni-elektromobilu-pod-taktovkou-profesionalu\\\/\",\"name\":\"Nab\u00edjen\u00ed elektromobil\u016f pod taktovkou profesion\u00e1l\u016f - \u010cEZ Czech New Energies Rallye\",\"isPartOf\":{\"@id\":\"https:\\\/\\\/www.cner.cz\\\/#website\"},\"primaryImageOfPage\":{\"@id\":\"https:\\\/\\\/www.cner.cz\\\/2023\\\/03\\\/22\\\/nabijeni-elektromobilu-pod-taktovkou-profesionalu\\\/#primaryimage\"},\"image\":{\"@id\":\"https:\\\/\\\/www.cner.cz\\\/2023\\\/03\\\/22\\\/nabijeni-elektromobilu-pod-taktovkou-profesionalu\\\/#primaryimage\"},\"thumbnailUrl\":\"https:\\\/\\\/www.cner.cz\\\/wp-content\\\/uploads\\\/2023\\\/03\\\/wallbox-mybox.jpg\",\"datePublished\":\"2023-03-22T20:54:47+00:00\",\"dateModified\":\"2023-03-22T20:54:49+00:00\",\"author\":{\"@id\":\"https:\\\/\\\/www.cner.cz\\\/#\\\/schema\\\/person\\\/6190b99819da7377d66768f7ff0ffd53\"},\"breadcrumb\":{\"@id\":\"https:\\\/\\\/www.cner.cz\\\/2023\\\/03\\\/22\\\/nabijeni-elektromobilu-pod-taktovkou-profesionalu\\\/#breadcrumb\"},\"inLanguage\":\"en-US\",\"potentialAction\":[{\"@type\":\"ReadAction\",\"target\":[\"https:\\\/\\\/www.cner.cz\\\/2023\\\/03\\\/22\\\/nabijeni-elektromobilu-pod-taktovkou-profesionalu\\\/\"]}]},{\"@type\":\"ImageObject\",\"inLanguage\":\"en-US\",\"@id\":\"https:\\\/\\\/www.cner.cz\\\/2023\\\/03\\\/22\\\/nabijeni-elektromobilu-pod-taktovkou-profesionalu\\\/#primaryimage\",\"url\":\"https:\\\/\\\/www.cner.cz\\\/wp-content\\\/uploads\\\/2023\\\/03\\\/wallbox-mybox.jpg\",\"contentUrl\":\"https:\\\/\\\/www.cner.cz\\\/wp-content\\\/uploads\\\/2023\\\/03\\\/wallbox-mybox.jpg\",\"width\":2048,\"height\":1363},{\"@type\":\"BreadcrumbList\",\"@id\":\"https:\\\/\\\/www.cner.cz\\\/2023\\\/03\\\/22\\\/nabijeni-elektromobilu-pod-taktovkou-profesionalu\\\/#breadcrumb\",\"itemListElement\":[{\"@type\":\"ListItem\",\"position\":1,\"name\":\"Dom\u016f\",\"item\":\"https:\\\/\\\/www.cner.cz\\\/\"},{\"@type\":\"ListItem\",\"position\":2,\"name\":\"Nab\u00edjen\u00ed elektromobil\u016f pod taktovkou profesion\u00e1l\u016f\"}]},{\"@type\":\"WebSite\",\"@id\":\"https:\\\/\\\/www.cner.cz\\\/#website\",\"url\":\"https:\\\/\\\/www.cner.cz\\\/\",\"name\":\"\u010cEZ Czech New Energies Rallye\",\"description\":\"\u010cEZ Czech New Energies Rallye\",\"potentialAction\":[{\"@type\":\"SearchAction\",\"target\":{\"@type\":\"EntryPoint\",\"urlTemplate\":\"https:\\\/\\\/www.cner.cz\\\/?s={search_term_string}\"},\"query-input\":{\"@type\":\"PropertyValueSpecification\",\"valueRequired\":true,\"valueName\":\"search_term_string\"}}],\"inLanguage\":\"en-US\"},{\"@type\":\"Person\",\"@id\":\"https:\\\/\\\/www.cner.cz\\\/#\\\/schema\\\/person\\\/6190b99819da7377d66768f7ff0ffd53\",\"name\":\"Pavel Kacerovsk\u00fd\",\"image\":{\"@type\":\"ImageObject\",\"inLanguage\":\"en-US\",\"@id\":\"https:\\\/\\\/secure.gravatar.com\\\/avatar\\\/f96c2ff6621ff743bc952660594123e03b9f87637dc4114505e8de6bf2112c65?s=96&d=mm&r=g\",\"url\":\"https:\\\/\\\/secure.gravatar.com\\\/avatar\\\/f96c2ff6621ff743bc952660594123e03b9f87637dc4114505e8de6bf2112c65?s=96&d=mm&r=g\",\"contentUrl\":\"https:\\\/\\\/secure.gravatar.com\\\/avatar\\\/f96c2ff6621ff743bc952660594123e03b9f87637dc4114505e8de6bf2112c65?s=96&d=mm&r=g\",\"caption\":\"Pavel Kacerovsk\u00fd\"},\"sameAs\":[\"http:\\\/\\\/www.ckmotorsport.cz\",\"pavel.kacerovsky\",\"https:\\\/\\\/x.com\\\/PavKac\"],\"url\":\"https:\\\/\\\/www.cner.cz\\\/en\\\/author\\\/pavel\\\/\"}]}<\/script>\n<!-- \/ Yoast SEO plugin. -->","yoast_head_json":{"title":"Nab\u00edjen\u00ed elektromobil\u016f pod taktovkou profesion\u00e1l\u016f - \u010cEZ Czech New Energies Rallye","robots":{"index":"index","follow":"follow","max-snippet":"max-snippet:-1","max-image-preview":"max-image-preview:large","max-video-preview":"max-video-preview:-1"},"canonical":"https:\/\/www.cner.cz\/2023\/03\/22\/nabijeni-elektromobilu-pod-taktovkou-profesionalu\/","og_locale":"en_US","og_type":"article","og_title":"Nab\u00edjen\u00ed elektromobil\u016f pod taktovkou profesion\u00e1l\u016f - \u010cEZ Czech New Energies Rallye","og_description":"\u010ceskou Trophy v&nbsp;ecoRally v\u00fdznamn\u011b podporuj\u00ed dv\u011b firmy. Bez jejich zapojen\u00ed by z\u00e1vodn\u00edci nenabili svoje elektromobily. Phoenix Contact \u2013 dodavatel komponent pou\u017eit\u00fdch ve wallboxech, a Elexim \u2013 v\u00fdrobce nab\u00edjec\u00edch stanic zna\u010dky MyBox. Jejich propojen\u00ed je p\u0159\u00edkladem vz\u00e1jemn\u00e9 spolupr\u00e1ce a p\u0159irozen\u00e9 d\u016fv\u011bry. Jak d\u016fle\u017eit\u00e1 je role dodavatele komponent, firmy Phoenix Contact, pro sestaven\u00ed nab\u00edjec\u00ed stanice MyBox? Radim [&hellip;]","og_url":"https:\/\/www.cner.cz\/2023\/03\/22\/nabijeni-elektromobilu-pod-taktovkou-profesionalu\/","og_site_name":"\u010cEZ Czech New Energies Rallye","article_publisher":"https:\/\/www.facebook.com\/NewEnergiesRallye\/","article_author":"pavel.kacerovsky","article_published_time":"2023-03-22T20:54:47+00:00","article_modified_time":"2023-03-22T20:54:49+00:00","og_image":[{"width":2048,"height":1363,"url":"https:\/\/www.cner.cz\/wp-content\/uploads\/2023\/03\/wallbox-mybox.jpg","type":"image\/jpeg"}],"author":"Pavel Kacerovsk\u00fd","twitter_card":"summary_large_image","twitter_creator":"@PavKac","twitter_misc":{"Written by":"Pavel Kacerovsk\u00fd","Est. reading time":"2 minutes"},"schema":{"@context":"https:\/\/schema.org","@graph":[{"@type":"Article","@id":"https:\/\/www.cner.cz\/2023\/03\/22\/nabijeni-elektromobilu-pod-taktovkou-profesionalu\/#article","isPartOf":{"@id":"https:\/\/www.cner.cz\/2023\/03\/22\/nabijeni-elektromobilu-pod-taktovkou-profesionalu\/"},"author":{"name":"Pavel Kacerovsk\u00fd","@id":"https:\/\/www.cner.cz\/#\/schema\/person\/6190b99819da7377d66768f7ff0ffd53"},"headline":"Nab\u00edjen\u00ed elektromobil\u016f pod taktovkou profesion\u00e1l\u016f","datePublished":"2023-03-22T20:54:47+00:00","dateModified":"2023-03-22T20:54:49+00:00","mainEntityOfPage":{"@id":"https:\/\/www.cner.cz\/2023\/03\/22\/nabijeni-elektromobilu-pod-taktovkou-profesionalu\/"},"wordCount":419,"commentCount":0,"image":{"@id":"https:\/\/www.cner.cz\/2023\/03\/22\/nabijeni-elektromobilu-pod-taktovkou-profesionalu\/#primaryimage"},"thumbnailUrl":"https:\/\/www.cner.cz\/wp-content\/uploads\/2023\/03\/wallbox-mybox.jpg","articleSection":["Aktuality"],"inLanguage":"en-US","potentialAction":[{"@type":"CommentAction","name":"Comment","target":["https:\/\/www.cner.cz\/2023\/03\/22\/nabijeni-elektromobilu-pod-taktovkou-profesionalu\/#respond"]}]},{"@type":"WebPage","@id":"https:\/\/www.cner.cz\/2023\/03\/22\/nabijeni-elektromobilu-pod-taktovkou-profesionalu\/","url":"https:\/\/www.cner.cz\/2023\/03\/22\/nabijeni-elektromobilu-pod-taktovkou-profesionalu\/","name":"Nab\u00edjen\u00ed elektromobil\u016f pod taktovkou profesion\u00e1l\u016f - \u010cEZ Czech New Energies Rallye","isPartOf":{"@id":"https:\/\/www.cner.cz\/#website"},"primaryImageOfPage":{"@id":"https:\/\/www.cner.cz\/2023\/03\/22\/nabijeni-elektromobilu-pod-taktovkou-profesionalu\/#primaryimage"},"image":{"@id":"https:\/\/www.cner.cz\/2023\/03\/22\/nabijeni-elektromobilu-pod-taktovkou-profesionalu\/#primaryimage"},"thumbnailUrl":"https:\/\/www.cner.cz\/wp-content\/uploads\/2023\/03\/wallbox-mybox.jpg","datePublished":"2023-03-22T20:54:47+00:00","dateModified":"2023-03-22T20:54:49+00:00","author":{"@id":"https:\/\/www.cner.cz\/#\/schema\/person\/6190b99819da7377d66768f7ff0ffd53"},"breadcrumb":{"@id":"https:\/\/www.cner.cz\/2023\/03\/22\/nabijeni-elektromobilu-pod-taktovkou-profesionalu\/#breadcrumb"},"inLanguage":"en-US","potentialAction":[{"@type":"ReadAction","target":["https:\/\/www.cner.cz\/2023\/03\/22\/nabijeni-elektromobilu-pod-taktovkou-profesionalu\/"]}]},{"@type":"ImageObject","inLanguage":"en-US","@id":"https:\/\/www.cner.cz\/2023\/03\/22\/nabijeni-elektromobilu-pod-taktovkou-profesionalu\/#primaryimage","url":"https:\/\/www.cner.cz\/wp-content\/uploads\/2023\/03\/wallbox-mybox.jpg","contentUrl":"https:\/\/www.cner.cz\/wp-content\/uploads\/2023\/03\/wallbox-mybox.jpg","width":2048,"height":1363},{"@type":"BreadcrumbList","@id":"https:\/\/www.cner.cz\/2023\/03\/22\/nabijeni-elektromobilu-pod-taktovkou-profesionalu\/#breadcrumb","itemListElement":[{"@type":"ListItem","position":1,"name":"Dom\u016f","item":"https:\/\/www.cner.cz\/"},{"@type":"ListItem","position":2,"name":"Nab\u00edjen\u00ed elektromobil\u016f pod taktovkou profesion\u00e1l\u016f"}]},{"@type":"WebSite","@id":"https:\/\/www.cner.cz\/#website","url":"https:\/\/www.cner.cz\/","name":"\u010cEZ Czech New Energies Rallye","description":"\u010cEZ Czech New Energies Rallye","potentialAction":[{"@type":"SearchAction","target":{"@type":"EntryPoint","urlTemplate":"https:\/\/www.cner.cz\/?s={search_term_string}"},"query-input":{"@type":"PropertyValueSpecification","valueRequired":true,"valueName":"search_term_string"}}],"inLanguage":"en-US"},{"@type":"Person","@id":"https:\/\/www.cner.cz\/#\/schema\/person\/6190b99819da7377d66768f7ff0ffd53","name":"Pavel Kacerovsk\u00fd","image":{"@type":"ImageObject","inLanguage":"en-US","@id":"https:\/\/secure.gravatar.com\/avatar\/f96c2ff6621ff743bc952660594123e03b9f87637dc4114505e8de6bf2112c65?s=96&d=mm&r=g","url":"https:\/\/secure.gravatar.com\/avatar\/f96c2ff6621ff743bc952660594123e03b9f87637dc4114505e8de6bf2112c65?s=96&d=mm&r=g","contentUrl":"https:\/\/secure.gravatar.com\/avatar\/f96c2ff6621ff743bc952660594123e03b9f87637dc4114505e8de6bf2112c65?s=96&d=mm&r=g","caption":"Pavel Kacerovsk\u00fd"},"sameAs":["http:\/\/www.ckmotorsport.cz","pavel.kacerovsky","https:\/\/x.com\/PavKac"],"url":"https:\/\/www.cner.cz\/en\/author\/pavel\/"}]}},"_links":{"self":[{"href":"https:\/\/www.cner.cz\/en\/wp-json\/wp\/v2\/posts\/4228","targetHints":{"allow":["GET"]}}],"collection":[{"href":"https:\/\/www.cner.cz\/en\/wp-json\/wp\/v2\/posts"}],"about":[{"href":"https:\/\/www.cner.cz\/en\/wp-json\/wp\/v2\/types\/post"}],"author":[{"embeddable":true,"href":"https:\/\/www.cner.cz\/en\/wp-json\/wp\/v2\/users\/2"}],"replies":[{"embeddable":true,"href":"https:\/\/www.cner.cz\/en\/wp-json\/wp\/v2\/comments?post=4228"}],"version-history":[{"count":1,"href":"https:\/\/www.cner.cz\/en\/wp-json\/wp\/v2\/posts\/4228\/revisions"}],"predecessor-version":[{"id":4230,"href":"https:\/\/www.cner.cz\/en\/wp-json\/wp\/v2\/posts\/4228\/revisions\/4230"}],"wp:featuredmedia":[{"embeddable":true,"href":"https:\/\/www.cner.cz\/en\/wp-json\/wp\/v2\/media\/4229"}],"wp:attachment":[{"href":"https:\/\/www.cner.cz\/en\/wp-json\/wp\/v2\/media?parent=4228"}],"wp:term":[{"taxonomy":"category","embeddable":true,"href":"https:\/\/www.cner.cz\/en\/wp-json\/wp\/v2\/categories?post=4228"},{"taxonomy":"post_tag","embeddable":true,"href":"https:\/\/www.cner.cz\/en\/wp-json\/wp\/v2\/tags?post=4228"}],"curies":[{"name":"wp","href":"https:\/\/api.w.org\/{rel}","templated":true}]}}